{"id":2449,"date":"2025-05-21T17:24:43","date_gmt":"2025-05-21T23:24:43","guid":{"rendered":"https:\/\/dragonesfc.mx\/?p=2449"},"modified":"2025-05-26T20:59:15","modified_gmt":"2025-05-27T02:59:15","slug":"dragones-oaxaca-liga-tdp","status":"publish","type":"post","link":"https:\/\/dragonesfc.mx\/index.php\/2025\/05\/21\/dragones-oaxaca-liga-tdp\/","title":{"rendered":"Por Oaxaca, por la historia, Dragones"},"content":{"rendered":"<h2><b>\u00a1Dragones se juega el t\u00edtulo de la Zona A!<\/b><\/h2>\n<p class=\"p3\"><span class=\"s2\"><b>Dragones de Oaxaca est\u00e1 a punto de escribir la p\u00e1gina m\u00e1s importante de su historia.<\/b><\/span> Este 31 de mayo tenemos una cita con la emoci\u00f3n, la pasi\u00f3n y el orgullo. Nos jugamos el t\u00edtulo de la Liga TDP, Zona A en la gran final de la <a href=\"https:\/\/www.ligatdp.mx\/\" target=\"_blank\" rel=\"noopener\"><i>Liga TDP<\/i><\/a>, y queremos que t\u00fa seas parte de este momento inolvidable.<\/p>\n<hr \/>\n<h2><b>\u00bfQui\u00e9nes son los Dragones?<\/b><\/h2>\n<p class=\"p3\"><a href=\"https:\/\/dragonesfc.mx\/index.php\/el-club\/\" target=\"_blank\" rel=\"noopener\">Dragones de Oaxaca<\/a> naci\u00f3 hace cinco a\u00f1os con una idea clara: formar talento local, crear comunidad y representar con dignidad al estado. Hoy, ese sue\u00f1o est\u00e1 m\u00e1s vivo que nunca.<\/p>\n<p class=\"p3\">De los 36 jugadores del plantel, <span class=\"s2\"><b>26 son oaxaque\u00f1os<\/b><\/span>. Muchos de ellos crecieron en nuestras canchas, so\u00f1ando con jugar partidos como este. Son j\u00f3venes con hambre, talento y una pasi\u00f3n que enciende cada entrenamiento, cada jugada y cada gol.<\/p>\n<p><img decoding=\"async\" class=\"alignnone size-full wp-image-2467\" src=\"http:\/\/dragonesfc.mx\/wp-content\/uploads\/2025\/05\/501496591_18053565926362324_2378966947993087660_n.jpg\" alt=\"\" width=\"1440\" height=\"961\" srcset=\"https:\/\/dragonesfc.mx\/wp-content\/uploads\/2025\/05\/501496591_18053565926362324_2378966947993087660_n-200x133.jpg 200w, https:\/\/dragonesfc.mx\/wp-content\/uploads\/2025\/05\/501496591_18053565926362324_2378966947993087660_n-300x200.jpg 300w, https:\/\/dragonesfc.mx\/wp-content\/uploads\/2025\/05\/501496591_18053565926362324_2378966947993087660_n-400x267.jpg 400w, https:\/\/dragonesfc.mx\/wp-content\/uploads\/2025\/05\/501496591_18053565926362324_2378966947993087660_n-500x334.jpg 500w, https:\/\/dragonesfc.mx\/wp-content\/uploads\/2025\/05\/501496591_18053565926362324_2378966947993087660_n-600x400.jpg 600w, https:\/\/dragonesfc.mx\/wp-content\/uploads\/2025\/05\/501496591_18053565926362324_2378966947993087660_n-700x467.jpg 700w, https:\/\/dragonesfc.mx\/wp-content\/uploads\/2025\/05\/501496591_18053565926362324_2378966947993087660_n-768x513.jpg 768w, https:\/\/dragonesfc.mx\/wp-content\/uploads\/2025\/05\/501496591_18053565926362324_2378966947993087660_n-800x534.jpg 800w, https:\/\/dragonesfc.mx\/wp-content\/uploads\/2025\/05\/501496591_18053565926362324_2378966947993087660_n-1024x683.jpg 1024w, https:\/\/dragonesfc.mx\/wp-content\/uploads\/2025\/05\/501496591_18053565926362324_2378966947993087660_n-1200x801.jpg 1200w, https:\/\/dragonesfc.mx\/wp-content\/uploads\/2025\/05\/501496591_18053565926362324_2378966947993087660_n.jpg 1440w\" sizes=\"(max-width: 1440px) 100vw, 1440px\" \/><\/p>\n<hr \/>\n<h2><b>\u00bfQu\u00e9 est\u00e1 en juego?<\/b><\/h2>\n<p class=\"p3\">Este s\u00e1bado se juega la <span class=\"s2\"><b>vuelta de la final nacional de la Liga TDP<\/b><\/span>. Estamos a solo dos partidos de lograr lo impensable: <span class=\"s2\"><b>el ascenso a la Liga Premier Serie A<\/b><\/span>. Eso significa llevar a Oaxaca de vuelta al f\u00fatbol profesional nacional, despu\u00e9s de m\u00e1s de dos d\u00e9cadas de espera.<\/p>\n<p class=\"p3\">El rival es H\u00e9roes de Zaci, un equipo fuerte. Ahora, el destino nos pone frente a frente por primera vez. Solo uno llegar\u00e1 a Liga Premier y el Campe\u00f3n de Campeones. Y queremos que Oaxaca entera empuje con nosotros.<\/p>\n<hr \/>\n<h2><b>\u00bfPor qu\u00e9 debes ir al estadio?<\/b><\/h2>\n<p class=\"p3\">Porque esta historia la estamos escribiendo todos. El estadio municipal de Zimatl\u00e1n se llenar\u00e1 de emociones, gritos y esperanza. Queremos que vengas, que apoyes, que te emociones. Si nunca has ido a un partido de Dragones, <span class=\"s2\"><b>esta es la mejor oportunidad para conocer al club que est\u00e1 haciendo historia<\/b><\/span>.<\/p>\n<p class=\"p3\"><span class=\"s2\"><b>La entrada es libre.<\/b><\/span> Solo necesitas tus ganas de alentar, tu bandera oaxaque\u00f1a y tu amor por este estado. \u00a1No lo pienses m\u00e1s!<\/p>\n<hr \/>\n<h2><b>Datos del partido<\/b><\/h2>\n<p class=\"p3\">\ud83d\udccd <span class=\"s2\"><b>Lugar<\/b><\/span>: Polideportivo Ignacio Mej\u00eda de Zimatl\u00e1n<\/p>\n<p class=\"p3\">\ud83d\udcc5 <span class=\"s2\"><b>Fecha<\/b><\/span>: S\u00e1bado 31 de mayo<\/p>\n<p class=\"p3\">\ud83d\udd53 <span class=\"s2\"><b>Hora<\/b><\/span>: 4:00 PM<\/p>\n<p class=\"p3\">\ud83c\udf9f\ufe0f <span class=\"s2\"><b>Entrada<\/b><\/span>: \u00a1Gratuita!<\/p>\n<p><img decoding=\"async\" class=\"alignnone size-full wp-image-2439\" src=\"http:\/\/dragonesfc.mx\/wp-content\/uploads\/2025\/05\/WhatsApp-Image-2025-05-17-at-19.32.26-1.jpeg\" alt=\"\" width=\"1616\" height=\"1080\" srcset=\"https:\/\/dragonesfc.mx\/wp-content\/uploads\/2025\/05\/WhatsApp-Image-2025-05-17-at-19.32.26-1-200x134.jpeg 200w, https:\/\/dragonesfc.mx\/wp-content\/uploads\/2025\/05\/WhatsApp-Image-2025-05-17-at-19.32.26-1-300x200.jpeg 300w, https:\/\/dragonesfc.mx\/wp-content\/uploads\/2025\/05\/WhatsApp-Image-2025-05-17-at-19.32.26-1-400x267.jpeg 400w, https:\/\/dragonesfc.mx\/wp-content\/uploads\/2025\/05\/WhatsApp-Image-2025-05-17-at-19.32.26-1-500x334.jpeg 500w, https:\/\/dragonesfc.mx\/wp-content\/uploads\/2025\/05\/WhatsApp-Image-2025-05-17-at-19.32.26-1-600x401.jpeg 600w, https:\/\/dragonesfc.mx\/wp-content\/uploads\/2025\/05\/WhatsApp-Image-2025-05-17-at-19.32.26-1-700x468.jpeg 700w, https:\/\/dragonesfc.mx\/wp-content\/uploads\/2025\/05\/WhatsApp-Image-2025-05-17-at-19.32.26-1-768x513.jpeg 768w, https:\/\/dragonesfc.mx\/wp-content\/uploads\/2025\/05\/WhatsApp-Image-2025-05-17-at-19.32.26-1-800x535.jpeg 800w, https:\/\/dragonesfc.mx\/wp-content\/uploads\/2025\/05\/WhatsApp-Image-2025-05-17-at-19.32.26-1-1024x684.jpeg 1024w, https:\/\/dragonesfc.mx\/wp-content\/uploads\/2025\/05\/WhatsApp-Image-2025-05-17-at-19.32.26-1-1200x802.jpeg 1200w, https:\/\/dragonesfc.mx\/wp-content\/uploads\/2025\/05\/WhatsApp-Image-2025-05-17-at-19.32.26-1-1536x1027.jpeg 1536w, https:\/\/dragonesfc.mx\/wp-content\/uploads\/2025\/05\/WhatsApp-Image-2025-05-17-at-19.32.26-1.jpeg 1616w\" sizes=\"(max-width: 1616px) 100vw, 1616px\" \/><\/p>\n<hr \/>\n<h2><b>\u00a1Siente el rugido de Oaxaca!<\/b><\/h2>\n<p class=\"p3\">Hoy m\u00e1s que nunca, <span class=\"s2\"><b>Dragones representa el esfuerzo, la identidad y el orgullo de nuestro estado<\/b><\/span>. Ven a vivirlo. Comparte esta historia. Ay\u00fadanos a llenar el estadio y a demostrar que en Oaxaca, el f\u00fatbol tambi\u00e9n se siente con el alma.<\/p>\n<p class=\"p4\"><b>\u00a1Dragones por la historia!<\/b><\/p>\n<p class=\"p4\"><b>\u00a1Dragones hasta la muerte!<\/b><\/p>\n<p class=\"p4\"><b>\u00a1Vamos Oaxaca!<\/b><b><\/b><\/p>\n<p><img decoding=\"async\" class=\"alignnone size-full wp-image-2409\" src=\"http:\/\/dragonesfc.mx\/wp-content\/uploads\/2025\/05\/WhatsApp-Image-2025-05-10-at-19.35.11-2-scaled.jpeg\" alt=\"\" width=\"2560\" height=\"2048\" srcset=\"https:\/\/dragonesfc.mx\/wp-content\/uploads\/2025\/05\/WhatsApp-Image-2025-05-10-at-19.35.11-2-177x142.jpeg 177w, https:\/\/dragonesfc.mx\/wp-content\/uploads\/2025\/05\/WhatsApp-Image-2025-05-10-at-19.35.11-2-200x160.jpeg 200w, https:\/\/dragonesfc.mx\/wp-content\/uploads\/2025\/05\/WhatsApp-Image-2025-05-10-at-19.35.11-2-300x240.jpeg 300w, https:\/\/dragonesfc.mx\/wp-content\/uploads\/2025\/05\/WhatsApp-Image-2025-05-10-at-19.35.11-2-400x320.jpeg 400w, https:\/\/dragonesfc.mx\/wp-content\/uploads\/2025\/05\/WhatsApp-Image-2025-05-10-at-19.35.11-2-scaled-500x400.jpeg 500w, https:\/\/dragonesfc.mx\/wp-content\/uploads\/2025\/05\/WhatsApp-Image-2025-05-10-at-19.35.11-2-600x480.jpeg 600w, https:\/\/dragonesfc.mx\/wp-content\/uploads\/2025\/05\/WhatsApp-Image-2025-05-10-at-19.35.11-2-scaled-700x560.jpeg 700w, https:\/\/dragonesfc.mx\/wp-content\/uploads\/2025\/05\/WhatsApp-Image-2025-05-10-at-19.35.11-2-768x615.jpeg 768w, https:\/\/dragonesfc.mx\/wp-content\/uploads\/2025\/05\/WhatsApp-Image-2025-05-10-at-19.35.11-2-800x640.jpeg 800w, https:\/\/dragonesfc.mx\/wp-content\/uploads\/2025\/05\/WhatsApp-Image-2025-05-10-at-19.35.11-2-1024x819.jpeg 1024w, https:\/\/dragonesfc.mx\/wp-content\/uploads\/2025\/05\/WhatsApp-Image-2025-05-10-at-19.35.11-2-1200x960.jpeg 1200w, https:\/\/dragonesfc.mx\/wp-content\/uploads\/2025\/05\/WhatsApp-Image-2025-05-10-at-19.35.11-2-1536x1229.jpeg 1536w, https:\/\/dragonesfc.mx\/wp-content\/uploads\/2025\/05\/WhatsApp-Image-2025-05-10-at-19.35.11-2-scaled.jpeg 2560w\" sizes=\"(max-width: 2560px) 100vw, 2560px\" \/><\/p>\n","protected":false},"excerpt":{"rendered":"<p>\u00a1Dragones se juega el t\u00edtulo de la Zona A! Dragones  [&#8230;]<\/p>\n","protected":false},"author":4,"featured_media":2440,"comment_status":"open","ping_status":"open","sticky":false,"template":"","format":"standard","meta":{"_jetpack_memberships_contains_paid_content":false,"footnotes":""},"categories":[44],"tags":[255],"class_list":["post-2449","post","type-post","status-publish","format-standard","has-post-thumbnail","hentry","category-dragones-tdp","tag-dragones-tdp"],"yoast_head":"<!-- This site is optimized with the Yoast SEO plugin v27.5 - https:\/\/yoast.com\/product\/yoast-seo-wordpress\/ -->\n<title>Por Oaxaca, por la historia, Dragones - Tienda Dragones<\/title>\n<meta name=\"description\" content=\"Dragones Oaxaca por la final Liga TDP: Ya ascendimos y ahora queremos que Oaxaca entera nos acompa\u00f1e en la final.\" \/>\n<meta name=\"robots\" content=\"index, follow, max-snippet:-1, max-image-preview:large, max-video-preview:-1\" \/>\n<link rel=\"canonical\" href=\"https:\/\/dragonesfc.mx\/index.php\/2025\/05\/21\/dragones-oaxaca-liga-tdp\/\" \/>\n<meta property=\"og:locale\" content=\"es_MX\" \/>\n<meta property=\"og:type\" content=\"article\" \/>\n<meta property=\"og:title\" content=\"Por Oaxaca, por la historia, Dragones - Tienda Dragones\" \/>\n<meta property=\"og:description\" content=\"Dragones Oaxaca por la final Liga TDP: Ya ascendimos y ahora queremos que Oaxaca entera nos acompa\u00f1e en la final.\" \/>\n<meta property=\"og:url\" content=\"https:\/\/dragonesfc.mx\/index.php\/2025\/05\/21\/dragones-oaxaca-liga-tdp\/\" \/>\n<meta property=\"og:site_name\" content=\"Tienda Dragones\" \/>\n<meta property=\"article:published_time\" content=\"2025-05-21T23:24:43+00:00\" \/>\n<meta property=\"article:modified_time\" content=\"2025-05-27T02:59:15+00:00\" \/>\n<meta property=\"og:image\" content=\"http:\/\/dragonesfc.mx\/wp-content\/uploads\/2025\/05\/WhatsApp-Image-2025-05-19-at-13.09.16-scaled.jpeg\" \/>\n\t<meta property=\"og:image:width\" content=\"2560\" \/>\n\t<meta property=\"og:image:height\" content=\"1920\" \/>\n\t<meta property=\"og:image:type\" content=\"image\/jpeg\" \/>\n<meta name=\"author\" content=\"Diego Reyes\" \/>\n<meta name=\"twitter:card\" content=\"summary_large_image\" \/>\n<meta name=\"twitter:creator\" content=\"@avivian_a@hotmail.com\" \/>\n<meta name=\"twitter:label1\" content=\"Escrito por\" \/>\n\t<meta name=\"twitter:data1\" content=\"Diego Reyes\" \/>\n\t<meta name=\"twitter:label2\" content=\"Tiempo de lectura\" \/>\n\t<meta name=\"twitter:data2\" content=\"3 minutos\" \/>\n<script type=\"application\/ld+json\" class=\"yoast-schema-graph\">{\"@context\":\"https:\\\/\\\/schema.org\",\"@graph\":[{\"@type\":\"Article\",\"@id\":\"https:\\\/\\\/dragonesfc.mx\\\/index.php\\\/2025\\\/05\\\/21\\\/dragones-oaxaca-liga-tdp\\\/#article\",\"isPartOf\":{\"@id\":\"https:\\\/\\\/dragonesfc.mx\\\/index.php\\\/2025\\\/05\\\/21\\\/dragones-oaxaca-liga-tdp\\\/\"},\"author\":{\"name\":\"Diego Reyes\",\"@id\":\"https:\\\/\\\/dragonesfc.mx\\\/#\\\/schema\\\/person\\\/6efb1581b5a41666a33c988ce03b7e30\"},\"headline\":\"Por Oaxaca, por la historia, Dragones\",\"datePublished\":\"2025-05-21T23:24:43+00:00\",\"dateModified\":\"2025-05-27T02:59:15+00:00\",\"mainEntityOfPage\":{\"@id\":\"https:\\\/\\\/dragonesfc.mx\\\/index.php\\\/2025\\\/05\\\/21\\\/dragones-oaxaca-liga-tdp\\\/\"},\"wordCount\":418,\"commentCount\":0,\"image\":{\"@id\":\"https:\\\/\\\/dragonesfc.mx\\\/index.php\\\/2025\\\/05\\\/21\\\/dragones-oaxaca-liga-tdp\\\/#primaryimage\"},\"thumbnailUrl\":\"https:\\\/\\\/dragonesfc.mx\\\/wp-content\\\/uploads\\\/2025\\\/05\\\/WhatsApp-Image-2025-05-19-at-13.09.16-scaled.jpeg\",\"keywords\":[\"Dragones TDP\"],\"articleSection\":[\"Dragones TDP\"],\"inLanguage\":\"es\",\"potentialAction\":[{\"@type\":\"CommentAction\",\"name\":\"Comment\",\"target\":[\"https:\\\/\\\/dragonesfc.mx\\\/index.php\\\/2025\\\/05\\\/21\\\/dragones-oaxaca-liga-tdp\\\/#respond\"]}]},{\"@type\":\"WebPage\",\"@id\":\"https:\\\/\\\/dragonesfc.mx\\\/index.php\\\/2025\\\/05\\\/21\\\/dragones-oaxaca-liga-tdp\\\/\",\"url\":\"https:\\\/\\\/dragonesfc.mx\\\/index.php\\\/2025\\\/05\\\/21\\\/dragones-oaxaca-liga-tdp\\\/\",\"name\":\"Por Oaxaca, por la historia, Dragones - Tienda Dragones\",\"isPartOf\":{\"@id\":\"https:\\\/\\\/dragonesfc.mx\\\/#website\"},\"primaryImageOfPage\":{\"@id\":\"https:\\\/\\\/dragonesfc.mx\\\/index.php\\\/2025\\\/05\\\/21\\\/dragones-oaxaca-liga-tdp\\\/#primaryimage\"},\"image\":{\"@id\":\"https:\\\/\\\/dragonesfc.mx\\\/index.php\\\/2025\\\/05\\\/21\\\/dragones-oaxaca-liga-tdp\\\/#primaryimage\"},\"thumbnailUrl\":\"https:\\\/\\\/dragonesfc.mx\\\/wp-content\\\/uploads\\\/2025\\\/05\\\/WhatsApp-Image-2025-05-19-at-13.09.16-scaled.jpeg\",\"datePublished\":\"2025-05-21T23:24:43+00:00\",\"dateModified\":\"2025-05-27T02:59:15+00:00\",\"author\":{\"@id\":\"https:\\\/\\\/dragonesfc.mx\\\/#\\\/schema\\\/person\\\/6efb1581b5a41666a33c988ce03b7e30\"},\"description\":\"Dragones Oaxaca por la final Liga TDP: Ya ascendimos y ahora queremos que Oaxaca entera nos acompa\u00f1e en la final.\",\"breadcrumb\":{\"@id\":\"https:\\\/\\\/dragonesfc.mx\\\/index.php\\\/2025\\\/05\\\/21\\\/dragones-oaxaca-liga-tdp\\\/#breadcrumb\"},\"inLanguage\":\"es\",\"potentialAction\":[{\"@type\":\"ReadAction\",\"target\":[\"https:\\\/\\\/dragonesfc.mx\\\/index.php\\\/2025\\\/05\\\/21\\\/dragones-oaxaca-liga-tdp\\\/\"]}]},{\"@type\":\"ImageObject\",\"inLanguage\":\"es\",\"@id\":\"https:\\\/\\\/dragonesfc.mx\\\/index.php\\\/2025\\\/05\\\/21\\\/dragones-oaxaca-liga-tdp\\\/#primaryimage\",\"url\":\"https:\\\/\\\/dragonesfc.mx\\\/wp-content\\\/uploads\\\/2025\\\/05\\\/WhatsApp-Image-2025-05-19-at-13.09.16-scaled.jpeg\",\"contentUrl\":\"https:\\\/\\\/dragonesfc.mx\\\/wp-content\\\/uploads\\\/2025\\\/05\\\/WhatsApp-Image-2025-05-19-at-13.09.16-scaled.jpeg\",\"width\":2560,\"height\":1920},{\"@type\":\"BreadcrumbList\",\"@id\":\"https:\\\/\\\/dragonesfc.mx\\\/index.php\\\/2025\\\/05\\\/21\\\/dragones-oaxaca-liga-tdp\\\/#breadcrumb\",\"itemListElement\":[{\"@type\":\"ListItem\",\"position\":1,\"name\":\"Inicio\",\"item\":\"https:\\\/\\\/dragonesfc.mx\\\/\"},{\"@type\":\"ListItem\",\"position\":2,\"name\":\"Por Oaxaca, por la historia, Dragones\"}]},{\"@type\":\"WebSite\",\"@id\":\"https:\\\/\\\/dragonesfc.mx\\\/#website\",\"url\":\"https:\\\/\\\/dragonesfc.mx\\\/\",\"name\":\"Tienda Dragones\",\"description\":\"Instituci\u00f3n oaxaque\u00f1a dedicada a la ense\u00f1anza del futbol. Fundada en 2018, esta organizaci\u00f3n cuenta con 2 equipos en la Tercera Divisi\u00f3n Profesional de la Federaci\u00f3n Mexicana de Futbol, adem\u00e1s de seis academias en Tlalixtac, Zimatl\u00e1n, Cuilapam, Ocotl\u00e1n, Tamazulapam y Huatulco.\",\"potentialAction\":[{\"@type\":\"SearchAction\",\"target\":{\"@type\":\"EntryPoint\",\"urlTemplate\":\"https:\\\/\\\/dragonesfc.mx\\\/?s={search_term_string}\"},\"query-input\":{\"@type\":\"PropertyValueSpecification\",\"valueRequired\":true,\"valueName\":\"search_term_string\"}}],\"inLanguage\":\"es\"},{\"@type\":\"Person\",\"@id\":\"https:\\\/\\\/dragonesfc.mx\\\/#\\\/schema\\\/person\\\/6efb1581b5a41666a33c988ce03b7e30\",\"name\":\"Diego Reyes\",\"image\":{\"@type\":\"ImageObject\",\"inLanguage\":\"es\",\"@id\":\"https:\\\/\\\/secure.gravatar.com\\\/avatar\\\/b0dc02e0e78048e108aaf3f3e856759def5a4ce1b33ebfc1eb9d70ad5ab71137?s=96&d=mm&r=g\",\"url\":\"https:\\\/\\\/secure.gravatar.com\\\/avatar\\\/b0dc02e0e78048e108aaf3f3e856759def5a4ce1b33ebfc1eb9d70ad5ab71137?s=96&d=mm&r=g\",\"contentUrl\":\"https:\\\/\\\/secure.gravatar.com\\\/avatar\\\/b0dc02e0e78048e108aaf3f3e856759def5a4ce1b33ebfc1eb9d70ad5ab71137?s=96&d=mm&r=g\",\"caption\":\"Diego Reyes\"},\"sameAs\":[\"https:\\\/\\\/x.com\\\/avivian_a@hotmail.com\"],\"url\":\"https:\\\/\\\/dragonesfc.mx\\\/index.php\\\/author\\\/diego-reyes\\\/\"}]}<\/script>\n<!-- \/ Yoast SEO plugin. -->","yoast_head_json":{"title":"Por Oaxaca, por la historia, Dragones - Tienda Dragones","description":"Dragones Oaxaca por la final Liga TDP: Ya ascendimos y ahora queremos que Oaxaca entera nos acompa\u00f1e en la final.","robots":{"index":"index","follow":"follow","max-snippet":"max-snippet:-1","max-image-preview":"max-image-preview:large","max-video-preview":"max-video-preview:-1"},"canonical":"https:\/\/dragonesfc.mx\/index.php\/2025\/05\/21\/dragones-oaxaca-liga-tdp\/","og_locale":"es_MX","og_type":"article","og_title":"Por Oaxaca, por la historia, Dragones - Tienda Dragones","og_description":"Dragones Oaxaca por la final Liga TDP: Ya ascendimos y ahora queremos que Oaxaca entera nos acompa\u00f1e en la final.","og_url":"https:\/\/dragonesfc.mx\/index.php\/2025\/05\/21\/dragones-oaxaca-liga-tdp\/","og_site_name":"Tienda Dragones","article_published_time":"2025-05-21T23:24:43+00:00","article_modified_time":"2025-05-27T02:59:15+00:00","og_image":[{"width":2560,"height":1920,"url":"http:\/\/dragonesfc.mx\/wp-content\/uploads\/2025\/05\/WhatsApp-Image-2025-05-19-at-13.09.16-scaled.jpeg","type":"image\/jpeg"}],"author":"Diego Reyes","twitter_card":"summary_large_image","twitter_creator":"@avivian_a@hotmail.com","twitter_misc":{"Escrito por":"Diego Reyes","Tiempo de lectura":"3 minutos"},"schema":{"@context":"https:\/\/schema.org","@graph":[{"@type":"Article","@id":"https:\/\/dragonesfc.mx\/index.php\/2025\/05\/21\/dragones-oaxaca-liga-tdp\/#article","isPartOf":{"@id":"https:\/\/dragonesfc.mx\/index.php\/2025\/05\/21\/dragones-oaxaca-liga-tdp\/"},"author":{"name":"Diego Reyes","@id":"https:\/\/dragonesfc.mx\/#\/schema\/person\/6efb1581b5a41666a33c988ce03b7e30"},"headline":"Por Oaxaca, por la historia, Dragones","datePublished":"2025-05-21T23:24:43+00:00","dateModified":"2025-05-27T02:59:15+00:00","mainEntityOfPage":{"@id":"https:\/\/dragonesfc.mx\/index.php\/2025\/05\/21\/dragones-oaxaca-liga-tdp\/"},"wordCount":418,"commentCount":0,"image":{"@id":"https:\/\/dragonesfc.mx\/index.php\/2025\/05\/21\/dragones-oaxaca-liga-tdp\/#primaryimage"},"thumbnailUrl":"https:\/\/dragonesfc.mx\/wp-content\/uploads\/2025\/05\/WhatsApp-Image-2025-05-19-at-13.09.16-scaled.jpeg","keywords":["Dragones TDP"],"articleSection":["Dragones TDP"],"inLanguage":"es","potentialAction":[{"@type":"CommentAction","name":"Comment","target":["https:\/\/dragonesfc.mx\/index.php\/2025\/05\/21\/dragones-oaxaca-liga-tdp\/#respond"]}]},{"@type":"WebPage","@id":"https:\/\/dragonesfc.mx\/index.php\/2025\/05\/21\/dragones-oaxaca-liga-tdp\/","url":"https:\/\/dragonesfc.mx\/index.php\/2025\/05\/21\/dragones-oaxaca-liga-tdp\/","name":"Por Oaxaca, por la historia, Dragones - Tienda Dragones","isPartOf":{"@id":"https:\/\/dragonesfc.mx\/#website"},"primaryImageOfPage":{"@id":"https:\/\/dragonesfc.mx\/index.php\/2025\/05\/21\/dragones-oaxaca-liga-tdp\/#primaryimage"},"image":{"@id":"https:\/\/dragonesfc.mx\/index.php\/2025\/05\/21\/dragones-oaxaca-liga-tdp\/#primaryimage"},"thumbnailUrl":"https:\/\/dragonesfc.mx\/wp-content\/uploads\/2025\/05\/WhatsApp-Image-2025-05-19-at-13.09.16-scaled.jpeg","datePublished":"2025-05-21T23:24:43+00:00","dateModified":"2025-05-27T02:59:15+00:00","author":{"@id":"https:\/\/dragonesfc.mx\/#\/schema\/person\/6efb1581b5a41666a33c988ce03b7e30"},"description":"Dragones Oaxaca por la final Liga TDP: Ya ascendimos y ahora queremos que Oaxaca entera nos acompa\u00f1e en la final.","breadcrumb":{"@id":"https:\/\/dragonesfc.mx\/index.php\/2025\/05\/21\/dragones-oaxaca-liga-tdp\/#breadcrumb"},"inLanguage":"es","potentialAction":[{"@type":"ReadAction","target":["https:\/\/dragonesfc.mx\/index.php\/2025\/05\/21\/dragones-oaxaca-liga-tdp\/"]}]},{"@type":"ImageObject","inLanguage":"es","@id":"https:\/\/dragonesfc.mx\/index.php\/2025\/05\/21\/dragones-oaxaca-liga-tdp\/#primaryimage","url":"https:\/\/dragonesfc.mx\/wp-content\/uploads\/2025\/05\/WhatsApp-Image-2025-05-19-at-13.09.16-scaled.jpeg","contentUrl":"https:\/\/dragonesfc.mx\/wp-content\/uploads\/2025\/05\/WhatsApp-Image-2025-05-19-at-13.09.16-scaled.jpeg","width":2560,"height":1920},{"@type":"BreadcrumbList","@id":"https:\/\/dragonesfc.mx\/index.php\/2025\/05\/21\/dragones-oaxaca-liga-tdp\/#breadcrumb","itemListElement":[{"@type":"ListItem","position":1,"name":"Inicio","item":"https:\/\/dragonesfc.mx\/"},{"@type":"ListItem","position":2,"name":"Por Oaxaca, por la historia, Dragones"}]},{"@type":"WebSite","@id":"https:\/\/dragonesfc.mx\/#website","url":"https:\/\/dragonesfc.mx\/","name":"Tienda Dragones","description":"Instituci\u00f3n oaxaque\u00f1a dedicada a la ense\u00f1anza del futbol. Fundada en 2018, esta organizaci\u00f3n cuenta con 2 equipos en la Tercera Divisi\u00f3n Profesional de la Federaci\u00f3n Mexicana de Futbol, adem\u00e1s de seis academias en Tlalixtac, Zimatl\u00e1n, Cuilapam, Ocotl\u00e1n, Tamazulapam y Huatulco.","potentialAction":[{"@type":"SearchAction","target":{"@type":"EntryPoint","urlTemplate":"https:\/\/dragonesfc.mx\/?s={search_term_string}"},"query-input":{"@type":"PropertyValueSpecification","valueRequired":true,"valueName":"search_term_string"}}],"inLanguage":"es"},{"@type":"Person","@id":"https:\/\/dragonesfc.mx\/#\/schema\/person\/6efb1581b5a41666a33c988ce03b7e30","name":"Diego Reyes","image":{"@type":"ImageObject","inLanguage":"es","@id":"https:\/\/secure.gravatar.com\/avatar\/b0dc02e0e78048e108aaf3f3e856759def5a4ce1b33ebfc1eb9d70ad5ab71137?s=96&d=mm&r=g","url":"https:\/\/secure.gravatar.com\/avatar\/b0dc02e0e78048e108aaf3f3e856759def5a4ce1b33ebfc1eb9d70ad5ab71137?s=96&d=mm&r=g","contentUrl":"https:\/\/secure.gravatar.com\/avatar\/b0dc02e0e78048e108aaf3f3e856759def5a4ce1b33ebfc1eb9d70ad5ab71137?s=96&d=mm&r=g","caption":"Diego Reyes"},"sameAs":["https:\/\/x.com\/avivian_a@hotmail.com"],"url":"https:\/\/dragonesfc.mx\/index.php\/author\/diego-reyes\/"}]}},"jetpack_featured_media_url":"https:\/\/dragonesfc.mx\/wp-content\/uploads\/2025\/05\/WhatsApp-Image-2025-05-19-at-13.09.16-scaled.jpeg","jetpack_sharing_enabled":true,"_links":{"self":[{"href":"https:\/\/dragonesfc.mx\/index.php\/wp-json\/wp\/v2\/posts\/2449","targetHints":{"allow":["GET"]}}],"collection":[{"href":"https:\/\/dragonesfc.mx\/index.php\/wp-json\/wp\/v2\/posts"}],"about":[{"href":"https:\/\/dragonesfc.mx\/index.php\/wp-json\/wp\/v2\/types\/post"}],"author":[{"embeddable":true,"href":"https:\/\/dragonesfc.mx\/index.php\/wp-json\/wp\/v2\/users\/4"}],"replies":[{"embeddable":true,"href":"https:\/\/dragonesfc.mx\/index.php\/wp-json\/wp\/v2\/comments?post=2449"}],"version-history":[{"count":3,"href":"https:\/\/dragonesfc.mx\/index.php\/wp-json\/wp\/v2\/posts\/2449\/revisions"}],"predecessor-version":[{"id":2480,"href":"https:\/\/dragonesfc.mx\/index.php\/wp-json\/wp\/v2\/posts\/2449\/revisions\/2480"}],"wp:featuredmedia":[{"embeddable":true,"href":"https:\/\/dragonesfc.mx\/index.php\/wp-json\/wp\/v2\/media\/2440"}],"wp:attachment":[{"href":"https:\/\/dragonesfc.mx\/index.php\/wp-json\/wp\/v2\/media?parent=2449"}],"wp:term":[{"taxonomy":"category","embeddable":true,"href":"https:\/\/dragonesfc.mx\/index.php\/wp-json\/wp\/v2\/categories?post=2449"},{"taxonomy":"post_tag","embeddable":true,"href":"https:\/\/dragonesfc.mx\/index.php\/wp-json\/wp\/v2\/tags?post=2449"}],"curies":[{"name":"wp","href":"https:\/\/api.w.org\/{rel}","templated":true}]}}