{"id":2739,"date":"2025-07-19T15:21:06","date_gmt":"2025-07-19T21:21:06","guid":{"rendered":"https:\/\/dragonesfc.mx\/?p=2739"},"modified":"2025-07-19T15:49:07","modified_gmt":"2025-07-19T21:49:07","slug":"con-el-corazon-en-la-cancha-y-los-ojos-en-guadalajara","status":"publish","type":"post","link":"https:\/\/dragonesfc.mx\/index.php\/2025\/07\/19\/con-el-corazon-en-la-cancha-y-los-ojos-en-guadalajara\/","title":{"rendered":"Con el coraz\u00f3n en la cancha y los ojos en Guadalajara"},"content":{"rendered":"<p data-start=\"119\" data-end=\"363\"><strong data-start=\"119\" data-end=\"157\">Ayer vivimos una jornada especial.<\/strong><br data-start=\"157\" data-end=\"160\" \/>Tuvimos un entrenamiento intenso, con mucho f\u00fatbol, enfoque y coraz\u00f3n. Cada pase y cada indicaci\u00f3n fueron parte del proceso para afinar los \u00faltimos detalles antes de nuestra participaci\u00f3n en Guadalajara.<\/p>\n<p data-start=\"365\" data-end=\"527\"><img decoding=\"async\" class=\"alignnone size-full wp-image-2666\" src=\"http:\/\/dragonesfc.mx\/wp-content\/uploads\/2025\/07\/519410703_17922024978098825_9134472251306402175_n.jpg\" alt=\"\" width=\"1080\" height=\"1350\" srcset=\"https:\/\/dragonesfc.mx\/wp-content\/uploads\/2025\/07\/519410703_17922024978098825_9134472251306402175_n-200x250.jpg 200w, https:\/\/dragonesfc.mx\/wp-content\/uploads\/2025\/07\/519410703_17922024978098825_9134472251306402175_n-240x300.jpg 240w, https:\/\/dragonesfc.mx\/wp-content\/uploads\/2025\/07\/519410703_17922024978098825_9134472251306402175_n-400x500.jpg 400w, https:\/\/dragonesfc.mx\/wp-content\/uploads\/2025\/07\/519410703_17922024978098825_9134472251306402175_n-500x625.jpg 500w, https:\/\/dragonesfc.mx\/wp-content\/uploads\/2025\/07\/519410703_17922024978098825_9134472251306402175_n-600x750.jpg 600w, https:\/\/dragonesfc.mx\/wp-content\/uploads\/2025\/07\/519410703_17922024978098825_9134472251306402175_n-700x875.jpg 700w, https:\/\/dragonesfc.mx\/wp-content\/uploads\/2025\/07\/519410703_17922024978098825_9134472251306402175_n-768x960.jpg 768w, https:\/\/dragonesfc.mx\/wp-content\/uploads\/2025\/07\/519410703_17922024978098825_9134472251306402175_n-800x1000.jpg 800w, https:\/\/dragonesfc.mx\/wp-content\/uploads\/2025\/07\/519410703_17922024978098825_9134472251306402175_n-819x1024.jpg 819w, https:\/\/dragonesfc.mx\/wp-content\/uploads\/2025\/07\/519410703_17922024978098825_9134472251306402175_n.jpg 1080w\" sizes=\"(max-width: 1080px) 100vw, 1080px\" \/><\/p>\n<p data-start=\"365\" data-end=\"527\">El grupo est\u00e1 m\u00e1s unido que nunca y la ilusi\u00f3n se siente en cada rinc\u00f3n del equipo.<br data-start=\"448\" data-end=\"451\" \/><strong data-start=\"451\" data-end=\"527\">Sabemos lo que representamos y a qui\u00e9nes llevamos en el coraz\u00f3n: Oaxaca.<\/strong><\/p>\n<p data-start=\"529\" data-end=\"689\">El viaje est\u00e1 por comenzar, y vamos listas para dejarlo todo en la cancha.<br data-start=\"603\" data-end=\"606\" \/>Esto es m\u00e1s que f\u00fatbol, es pasi\u00f3n, es historia\u2026 es ser <strong data-start=\"661\" data-end=\"688\">verdaderamente Dragonas<\/strong>.<\/p>\n<p data-start=\"691\" data-end=\"774\"><strong data-start=\"691\" data-end=\"711\">\u00a1Vamos con todo!<\/strong><\/p>\n","protected":false},"excerpt":{"rendered":"<p>Ayer vivimos una jornada especial.Tuvimos un entrenamiento intenso, con mucho  [&#8230;]<\/p>\n","protected":false},"author":4,"featured_media":2667,"comment_status":"open","ping_status":"open","sticky":false,"template":"","format":"standard","meta":{"_jetpack_memberships_contains_paid_content":false,"footnotes":""},"categories":[260],"tags":[],"class_list":["post-2739","post","type-post","status-publish","format-standard","has-post-thumbnail","hentry","category-dragonas"],"yoast_head":"<!-- This site is optimized with the Yoast SEO plugin v27.5 - https:\/\/yoast.com\/product\/yoast-seo-wordpress\/ -->\n<title>Con el coraz\u00f3n en la cancha y los ojos en Guadalajara - Tienda Dragones<\/title>\n<meta name=\"robots\" content=\"index, follow, max-snippet:-1, max-image-preview:large, max-video-preview:-1\" \/>\n<link rel=\"canonical\" href=\"https:\/\/dragonesfc.mx\/index.php\/2025\/07\/19\/con-el-corazon-en-la-cancha-y-los-ojos-en-guadalajara\/\" \/>\n<meta property=\"og:locale\" content=\"es_MX\" \/>\n<meta property=\"og:type\" content=\"article\" \/>\n<meta property=\"og:title\" content=\"Con el coraz\u00f3n en la cancha y los ojos en Guadalajara - Tienda Dragones\" \/>\n<meta property=\"og:description\" content=\"Ayer vivimos una jornada especial.Tuvimos un entrenamiento intenso, con mucho [...]\" \/>\n<meta property=\"og:url\" content=\"https:\/\/dragonesfc.mx\/index.php\/2025\/07\/19\/con-el-corazon-en-la-cancha-y-los-ojos-en-guadalajara\/\" \/>\n<meta property=\"og:site_name\" content=\"Tienda Dragones\" \/>\n<meta property=\"article:published_time\" content=\"2025-07-19T21:21:06+00:00\" \/>\n<meta property=\"article:modified_time\" content=\"2025-07-19T21:49:07+00:00\" \/>\n<meta property=\"og:image\" content=\"http:\/\/dragonesfc.mx\/wp-content\/uploads\/2025\/07\/468401390_17894297772098825_236683099053838586_n.jpg\" \/>\n\t<meta property=\"og:image:width\" content=\"1440\" \/>\n\t<meta property=\"og:image:height\" content=\"960\" \/>\n\t<meta property=\"og:image:type\" content=\"image\/jpeg\" \/>\n<meta name=\"author\" content=\"Diego Reyes\" \/>\n<meta name=\"twitter:card\" content=\"summary_large_image\" \/>\n<meta name=\"twitter:creator\" content=\"@avivian_a@hotmail.com\" \/>\n<meta name=\"twitter:label1\" content=\"Escrito por\" \/>\n\t<meta name=\"twitter:data1\" content=\"Diego Reyes\" \/>\n\t<meta name=\"twitter:label2\" content=\"Tiempo de lectura\" \/>\n\t<meta name=\"twitter:data2\" content=\"1 minuto\" \/>\n<script type=\"application\/ld+json\" class=\"yoast-schema-graph\">{\"@context\":\"https:\\\/\\\/schema.org\",\"@graph\":[{\"@type\":\"Article\",\"@id\":\"https:\\\/\\\/dragonesfc.mx\\\/index.php\\\/2025\\\/07\\\/19\\\/con-el-corazon-en-la-cancha-y-los-ojos-en-guadalajara\\\/#article\",\"isPartOf\":{\"@id\":\"https:\\\/\\\/dragonesfc.mx\\\/index.php\\\/2025\\\/07\\\/19\\\/con-el-corazon-en-la-cancha-y-los-ojos-en-guadalajara\\\/\"},\"author\":{\"name\":\"Diego Reyes\",\"@id\":\"https:\\\/\\\/dragonesfc.mx\\\/#\\\/schema\\\/person\\\/6efb1581b5a41666a33c988ce03b7e30\"},\"headline\":\"Con el coraz\u00f3n en la cancha y los ojos en Guadalajara\",\"datePublished\":\"2025-07-19T21:21:06+00:00\",\"dateModified\":\"2025-07-19T21:49:07+00:00\",\"mainEntityOfPage\":{\"@id\":\"https:\\\/\\\/dragonesfc.mx\\\/index.php\\\/2025\\\/07\\\/19\\\/con-el-corazon-en-la-cancha-y-los-ojos-en-guadalajara\\\/\"},\"wordCount\":118,\"commentCount\":0,\"image\":{\"@id\":\"https:\\\/\\\/dragonesfc.mx\\\/index.php\\\/2025\\\/07\\\/19\\\/con-el-corazon-en-la-cancha-y-los-ojos-en-guadalajara\\\/#primaryimage\"},\"thumbnailUrl\":\"https:\\\/\\\/dragonesfc.mx\\\/wp-content\\\/uploads\\\/2025\\\/07\\\/468401390_17894297772098825_236683099053838586_n.jpg\",\"articleSection\":[\"Dragonas\"],\"inLanguage\":\"es\",\"potentialAction\":[{\"@type\":\"CommentAction\",\"name\":\"Comment\",\"target\":[\"https:\\\/\\\/dragonesfc.mx\\\/index.php\\\/2025\\\/07\\\/19\\\/con-el-corazon-en-la-cancha-y-los-ojos-en-guadalajara\\\/#respond\"]}]},{\"@type\":\"WebPage\",\"@id\":\"https:\\\/\\\/dragonesfc.mx\\\/index.php\\\/2025\\\/07\\\/19\\\/con-el-corazon-en-la-cancha-y-los-ojos-en-guadalajara\\\/\",\"url\":\"https:\\\/\\\/dragonesfc.mx\\\/index.php\\\/2025\\\/07\\\/19\\\/con-el-corazon-en-la-cancha-y-los-ojos-en-guadalajara\\\/\",\"name\":\"Con el coraz\u00f3n en la cancha y los ojos en Guadalajara - Tienda Dragones\",\"isPartOf\":{\"@id\":\"https:\\\/\\\/dragonesfc.mx\\\/#website\"},\"primaryImageOfPage\":{\"@id\":\"https:\\\/\\\/dragonesfc.mx\\\/index.php\\\/2025\\\/07\\\/19\\\/con-el-corazon-en-la-cancha-y-los-ojos-en-guadalajara\\\/#primaryimage\"},\"image\":{\"@id\":\"https:\\\/\\\/dragonesfc.mx\\\/index.php\\\/2025\\\/07\\\/19\\\/con-el-corazon-en-la-cancha-y-los-ojos-en-guadalajara\\\/#primaryimage\"},\"thumbnailUrl\":\"https:\\\/\\\/dragonesfc.mx\\\/wp-content\\\/uploads\\\/2025\\\/07\\\/468401390_17894297772098825_236683099053838586_n.jpg\",\"datePublished\":\"2025-07-19T21:21:06+00:00\",\"dateModified\":\"2025-07-19T21:49:07+00:00\",\"author\":{\"@id\":\"https:\\\/\\\/dragonesfc.mx\\\/#\\\/schema\\\/person\\\/6efb1581b5a41666a33c988ce03b7e30\"},\"breadcrumb\":{\"@id\":\"https:\\\/\\\/dragonesfc.mx\\\/index.php\\\/2025\\\/07\\\/19\\\/con-el-corazon-en-la-cancha-y-los-ojos-en-guadalajara\\\/#breadcrumb\"},\"inLanguage\":\"es\",\"potentialAction\":[{\"@type\":\"ReadAction\",\"target\":[\"https:\\\/\\\/dragonesfc.mx\\\/index.php\\\/2025\\\/07\\\/19\\\/con-el-corazon-en-la-cancha-y-los-ojos-en-guadalajara\\\/\"]}]},{\"@type\":\"ImageObject\",\"inLanguage\":\"es\",\"@id\":\"https:\\\/\\\/dragonesfc.mx\\\/index.php\\\/2025\\\/07\\\/19\\\/con-el-corazon-en-la-cancha-y-los-ojos-en-guadalajara\\\/#primaryimage\",\"url\":\"https:\\\/\\\/dragonesfc.mx\\\/wp-content\\\/uploads\\\/2025\\\/07\\\/468401390_17894297772098825_236683099053838586_n.jpg\",\"contentUrl\":\"https:\\\/\\\/dragonesfc.mx\\\/wp-content\\\/uploads\\\/2025\\\/07\\\/468401390_17894297772098825_236683099053838586_n.jpg\",\"width\":1440,\"height\":960},{\"@type\":\"BreadcrumbList\",\"@id\":\"https:\\\/\\\/dragonesfc.mx\\\/index.php\\\/2025\\\/07\\\/19\\\/con-el-corazon-en-la-cancha-y-los-ojos-en-guadalajara\\\/#breadcrumb\",\"itemListElement\":[{\"@type\":\"ListItem\",\"position\":1,\"name\":\"Inicio\",\"item\":\"https:\\\/\\\/dragonesfc.mx\\\/\"},{\"@type\":\"ListItem\",\"position\":2,\"name\":\"Con el coraz\u00f3n en la cancha y los ojos en Guadalajara\"}]},{\"@type\":\"WebSite\",\"@id\":\"https:\\\/\\\/dragonesfc.mx\\\/#website\",\"url\":\"https:\\\/\\\/dragonesfc.mx\\\/\",\"name\":\"Tienda Dragones\",\"description\":\"Instituci\u00f3n oaxaque\u00f1a dedicada a la ense\u00f1anza del futbol. Fundada en 2018, esta organizaci\u00f3n cuenta con 2 equipos en la Tercera Divisi\u00f3n Profesional de la Federaci\u00f3n Mexicana de Futbol, adem\u00e1s de seis academias en Tlalixtac, Zimatl\u00e1n, Cuilapam, Ocotl\u00e1n, Tamazulapam y Huatulco.\",\"potentialAction\":[{\"@type\":\"SearchAction\",\"target\":{\"@type\":\"EntryPoint\",\"urlTemplate\":\"https:\\\/\\\/dragonesfc.mx\\\/?s={search_term_string}\"},\"query-input\":{\"@type\":\"PropertyValueSpecification\",\"valueRequired\":true,\"valueName\":\"search_term_string\"}}],\"inLanguage\":\"es\"},{\"@type\":\"Person\",\"@id\":\"https:\\\/\\\/dragonesfc.mx\\\/#\\\/schema\\\/person\\\/6efb1581b5a41666a33c988ce03b7e30\",\"name\":\"Diego Reyes\",\"image\":{\"@type\":\"ImageObject\",\"inLanguage\":\"es\",\"@id\":\"https:\\\/\\\/secure.gravatar.com\\\/avatar\\\/b0dc02e0e78048e108aaf3f3e856759def5a4ce1b33ebfc1eb9d70ad5ab71137?s=96&d=mm&r=g\",\"url\":\"https:\\\/\\\/secure.gravatar.com\\\/avatar\\\/b0dc02e0e78048e108aaf3f3e856759def5a4ce1b33ebfc1eb9d70ad5ab71137?s=96&d=mm&r=g\",\"contentUrl\":\"https:\\\/\\\/secure.gravatar.com\\\/avatar\\\/b0dc02e0e78048e108aaf3f3e856759def5a4ce1b33ebfc1eb9d70ad5ab71137?s=96&d=mm&r=g\",\"caption\":\"Diego Reyes\"},\"sameAs\":[\"https:\\\/\\\/x.com\\\/avivian_a@hotmail.com\"],\"url\":\"https:\\\/\\\/dragonesfc.mx\\\/index.php\\\/author\\\/diego-reyes\\\/\"}]}<\/script>\n<!-- \/ Yoast SEO plugin. -->","yoast_head_json":{"title":"Con el coraz\u00f3n en la cancha y los ojos en Guadalajara - Tienda Dragones","robots":{"index":"index","follow":"follow","max-snippet":"max-snippet:-1","max-image-preview":"max-image-preview:large","max-video-preview":"max-video-preview:-1"},"canonical":"https:\/\/dragonesfc.mx\/index.php\/2025\/07\/19\/con-el-corazon-en-la-cancha-y-los-ojos-en-guadalajara\/","og_locale":"es_MX","og_type":"article","og_title":"Con el coraz\u00f3n en la cancha y los ojos en Guadalajara - Tienda Dragones","og_description":"Ayer vivimos una jornada especial.Tuvimos un entrenamiento intenso, con mucho [...]","og_url":"https:\/\/dragonesfc.mx\/index.php\/2025\/07\/19\/con-el-corazon-en-la-cancha-y-los-ojos-en-guadalajara\/","og_site_name":"Tienda Dragones","article_published_time":"2025-07-19T21:21:06+00:00","article_modified_time":"2025-07-19T21:49:07+00:00","og_image":[{"width":1440,"height":960,"url":"http:\/\/dragonesfc.mx\/wp-content\/uploads\/2025\/07\/468401390_17894297772098825_236683099053838586_n.jpg","type":"image\/jpeg"}],"author":"Diego Reyes","twitter_card":"summary_large_image","twitter_creator":"@avivian_a@hotmail.com","twitter_misc":{"Escrito por":"Diego Reyes","Tiempo de lectura":"1 minuto"},"schema":{"@context":"https:\/\/schema.org","@graph":[{"@type":"Article","@id":"https:\/\/dragonesfc.mx\/index.php\/2025\/07\/19\/con-el-corazon-en-la-cancha-y-los-ojos-en-guadalajara\/#article","isPartOf":{"@id":"https:\/\/dragonesfc.mx\/index.php\/2025\/07\/19\/con-el-corazon-en-la-cancha-y-los-ojos-en-guadalajara\/"},"author":{"name":"Diego Reyes","@id":"https:\/\/dragonesfc.mx\/#\/schema\/person\/6efb1581b5a41666a33c988ce03b7e30"},"headline":"Con el coraz\u00f3n en la cancha y los ojos en Guadalajara","datePublished":"2025-07-19T21:21:06+00:00","dateModified":"2025-07-19T21:49:07+00:00","mainEntityOfPage":{"@id":"https:\/\/dragonesfc.mx\/index.php\/2025\/07\/19\/con-el-corazon-en-la-cancha-y-los-ojos-en-guadalajara\/"},"wordCount":118,"commentCount":0,"image":{"@id":"https:\/\/dragonesfc.mx\/index.php\/2025\/07\/19\/con-el-corazon-en-la-cancha-y-los-ojos-en-guadalajara\/#primaryimage"},"thumbnailUrl":"https:\/\/dragonesfc.mx\/wp-content\/uploads\/2025\/07\/468401390_17894297772098825_236683099053838586_n.jpg","articleSection":["Dragonas"],"inLanguage":"es","potentialAction":[{"@type":"CommentAction","name":"Comment","target":["https:\/\/dragonesfc.mx\/index.php\/2025\/07\/19\/con-el-corazon-en-la-cancha-y-los-ojos-en-guadalajara\/#respond"]}]},{"@type":"WebPage","@id":"https:\/\/dragonesfc.mx\/index.php\/2025\/07\/19\/con-el-corazon-en-la-cancha-y-los-ojos-en-guadalajara\/","url":"https:\/\/dragonesfc.mx\/index.php\/2025\/07\/19\/con-el-corazon-en-la-cancha-y-los-ojos-en-guadalajara\/","name":"Con el coraz\u00f3n en la cancha y los ojos en Guadalajara - Tienda Dragones","isPartOf":{"@id":"https:\/\/dragonesfc.mx\/#website"},"primaryImageOfPage":{"@id":"https:\/\/dragonesfc.mx\/index.php\/2025\/07\/19\/con-el-corazon-en-la-cancha-y-los-ojos-en-guadalajara\/#primaryimage"},"image":{"@id":"https:\/\/dragonesfc.mx\/index.php\/2025\/07\/19\/con-el-corazon-en-la-cancha-y-los-ojos-en-guadalajara\/#primaryimage"},"thumbnailUrl":"https:\/\/dragonesfc.mx\/wp-content\/uploads\/2025\/07\/468401390_17894297772098825_236683099053838586_n.jpg","datePublished":"2025-07-19T21:21:06+00:00","dateModified":"2025-07-19T21:49:07+00:00","author":{"@id":"https:\/\/dragonesfc.mx\/#\/schema\/person\/6efb1581b5a41666a33c988ce03b7e30"},"breadcrumb":{"@id":"https:\/\/dragonesfc.mx\/index.php\/2025\/07\/19\/con-el-corazon-en-la-cancha-y-los-ojos-en-guadalajara\/#breadcrumb"},"inLanguage":"es","potentialAction":[{"@type":"ReadAction","target":["https:\/\/dragonesfc.mx\/index.php\/2025\/07\/19\/con-el-corazon-en-la-cancha-y-los-ojos-en-guadalajara\/"]}]},{"@type":"ImageObject","inLanguage":"es","@id":"https:\/\/dragonesfc.mx\/index.php\/2025\/07\/19\/con-el-corazon-en-la-cancha-y-los-ojos-en-guadalajara\/#primaryimage","url":"https:\/\/dragonesfc.mx\/wp-content\/uploads\/2025\/07\/468401390_17894297772098825_236683099053838586_n.jpg","contentUrl":"https:\/\/dragonesfc.mx\/wp-content\/uploads\/2025\/07\/468401390_17894297772098825_236683099053838586_n.jpg","width":1440,"height":960},{"@type":"BreadcrumbList","@id":"https:\/\/dragonesfc.mx\/index.php\/2025\/07\/19\/con-el-corazon-en-la-cancha-y-los-ojos-en-guadalajara\/#breadcrumb","itemListElement":[{"@type":"ListItem","position":1,"name":"Inicio","item":"https:\/\/dragonesfc.mx\/"},{"@type":"ListItem","position":2,"name":"Con el coraz\u00f3n en la cancha y los ojos en Guadalajara"}]},{"@type":"WebSite","@id":"https:\/\/dragonesfc.mx\/#website","url":"https:\/\/dragonesfc.mx\/","name":"Tienda Dragones","description":"Instituci\u00f3n oaxaque\u00f1a dedicada a la ense\u00f1anza del futbol. Fundada en 2018, esta organizaci\u00f3n cuenta con 2 equipos en la Tercera Divisi\u00f3n Profesional de la Federaci\u00f3n Mexicana de Futbol, adem\u00e1s de seis academias en Tlalixtac, Zimatl\u00e1n, Cuilapam, Ocotl\u00e1n, Tamazulapam y Huatulco.","potentialAction":[{"@type":"SearchAction","target":{"@type":"EntryPoint","urlTemplate":"https:\/\/dragonesfc.mx\/?s={search_term_string}"},"query-input":{"@type":"PropertyValueSpecification","valueRequired":true,"valueName":"search_term_string"}}],"inLanguage":"es"},{"@type":"Person","@id":"https:\/\/dragonesfc.mx\/#\/schema\/person\/6efb1581b5a41666a33c988ce03b7e30","name":"Diego Reyes","image":{"@type":"ImageObject","inLanguage":"es","@id":"https:\/\/secure.gravatar.com\/avatar\/b0dc02e0e78048e108aaf3f3e856759def5a4ce1b33ebfc1eb9d70ad5ab71137?s=96&d=mm&r=g","url":"https:\/\/secure.gravatar.com\/avatar\/b0dc02e0e78048e108aaf3f3e856759def5a4ce1b33ebfc1eb9d70ad5ab71137?s=96&d=mm&r=g","contentUrl":"https:\/\/secure.gravatar.com\/avatar\/b0dc02e0e78048e108aaf3f3e856759def5a4ce1b33ebfc1eb9d70ad5ab71137?s=96&d=mm&r=g","caption":"Diego Reyes"},"sameAs":["https:\/\/x.com\/avivian_a@hotmail.com"],"url":"https:\/\/dragonesfc.mx\/index.php\/author\/diego-reyes\/"}]}},"jetpack_featured_media_url":"https:\/\/dragonesfc.mx\/wp-content\/uploads\/2025\/07\/468401390_17894297772098825_236683099053838586_n.jpg","jetpack_sharing_enabled":true,"_links":{"self":[{"href":"https:\/\/dragonesfc.mx\/index.php\/wp-json\/wp\/v2\/posts\/2739","targetHints":{"allow":["GET"]}}],"collection":[{"href":"https:\/\/dragonesfc.mx\/index.php\/wp-json\/wp\/v2\/posts"}],"about":[{"href":"https:\/\/dragonesfc.mx\/index.php\/wp-json\/wp\/v2\/types\/post"}],"author":[{"embeddable":true,"href":"https:\/\/dragonesfc.mx\/index.php\/wp-json\/wp\/v2\/users\/4"}],"replies":[{"embeddable":true,"href":"https:\/\/dragonesfc.mx\/index.php\/wp-json\/wp\/v2\/comments?post=2739"}],"version-history":[{"count":1,"href":"https:\/\/dragonesfc.mx\/index.php\/wp-json\/wp\/v2\/posts\/2739\/revisions"}],"predecessor-version":[{"id":2748,"href":"https:\/\/dragonesfc.mx\/index.php\/wp-json\/wp\/v2\/posts\/2739\/revisions\/2748"}],"wp:featuredmedia":[{"embeddable":true,"href":"https:\/\/dragonesfc.mx\/index.php\/wp-json\/wp\/v2\/media\/2667"}],"wp:attachment":[{"href":"https:\/\/dragonesfc.mx\/index.php\/wp-json\/wp\/v2\/media?parent=2739"}],"wp:term":[{"taxonomy":"category","embeddable":true,"href":"https:\/\/dragonesfc.mx\/index.php\/wp-json\/wp\/v2\/categories?post=2739"},{"taxonomy":"post_tag","embeddable":true,"href":"https:\/\/dragonesfc.mx\/index.php\/wp-json\/wp\/v2\/tags?post=2739"}],"curies":[{"name":"wp","href":"https:\/\/api.w.org\/{rel}","templated":true}]}}