{"id":3465,"date":"2026-03-03T19:33:01","date_gmt":"2026-03-04T01:33:01","guid":{"rendered":"https:\/\/dragonesfc.mx\/?p=3465"},"modified":"2026-03-03T19:33:25","modified_gmt":"2026-03-04T01:33:25","slug":"santiago-melo-convocado-seleccion-premier-dragones-oaxaca","status":"publish","type":"post","link":"https:\/\/dragonesfc.mx\/index.php\/2026\/03\/03\/santiago-melo-convocado-seleccion-premier-dragones-oaxaca\/","title":{"rendered":"Santiago Melo convocado a la Selecci\u00f3n Premier"},"content":{"rendered":"<h2><b>Santiago Melo convocado a la Selecci\u00f3n Premier: un hecho hist\u00f3rico<\/b><\/h2>\n<p class=\"p3\"><span class=\"s2\"><b>Tlalixtac de Cabrera, Oaxaca. 1 de marzo de 2026.<\/b><\/span> El anuncio de <span class=\"s2\"><b>Santiago Melo convocado a la Selecci\u00f3n Premier<\/b><\/span> representa un momento hist\u00f3rico para Dragones Oaxaca. El futbolista formado en el Sistema de Academias Dragones se convierte en el primer canterano del club en recibir este llamado nacional.<\/p>\n<p class=\"p3\">Este reconocimiento no solo destaca el talento individual del jugador, sino que confirma el crecimiento estructural del proyecto formativo rojinegro.<\/p>\n<p><img decoding=\"async\" class=\"alignnone size-full wp-image-3471\" src=\"http:\/\/dragonesfc.mx\/wp-content\/uploads\/2026\/03\/MELOOOOO.png\" alt=\"\" width=\"1080\" height=\"1350\" srcset=\"https:\/\/dragonesfc.mx\/wp-content\/uploads\/2026\/03\/MELOOOOO-200x250.png 200w, https:\/\/dragonesfc.mx\/wp-content\/uploads\/2026\/03\/MELOOOOO-240x300.png 240w, https:\/\/dragonesfc.mx\/wp-content\/uploads\/2026\/03\/MELOOOOO-400x500.png 400w, https:\/\/dragonesfc.mx\/wp-content\/uploads\/2026\/03\/MELOOOOO-500x625.png 500w, https:\/\/dragonesfc.mx\/wp-content\/uploads\/2026\/03\/MELOOOOO-600x750.png 600w, https:\/\/dragonesfc.mx\/wp-content\/uploads\/2026\/03\/MELOOOOO-700x875.png 700w, https:\/\/dragonesfc.mx\/wp-content\/uploads\/2026\/03\/MELOOOOO-768x960.png 768w, https:\/\/dragonesfc.mx\/wp-content\/uploads\/2026\/03\/MELOOOOO-800x1000.png 800w, https:\/\/dragonesfc.mx\/wp-content\/uploads\/2026\/03\/MELOOOOO-819x1024.png 819w, https:\/\/dragonesfc.mx\/wp-content\/uploads\/2026\/03\/MELOOOOO.png 1080w\" sizes=\"(max-width: 1080px) 100vw, 1080px\" \/><\/p>\n<hr \/>\n<h2><b>De la Academia al profesionalismo<\/b><\/h2>\n<p class=\"p3\">Nacido el 29 de enero de 2007, el futbolista oaxaque\u00f1o acumula ya m\u00e1s de 2,300 minutos en el futbol profesional.<\/p>\n<p class=\"p3\">Debuta el 22 de septiembre de 2023 con Academia Dragones FC, disputando 78 minutos tras haberse coronado campe\u00f3n en la Liga Nacional. El 25 de octubre de 2023 anota su primer gol como profesional ante Deportivo Profutsoccer, demostrando car\u00e1cter y madurez en sus primeras apariciones.<\/p>\n<p class=\"p3\">Despu\u00e9s de nueve encuentros, su rendimiento le abre las puertas del primer equipo de Dragones Oaxaca, donde disputa la segunda vuelta de la temporada 2023-2024.<\/p>\n<p><img decoding=\"async\" class=\"alignnone wp-image-3469\" src=\"http:\/\/dragonesfc.mx\/wp-content\/uploads\/2026\/03\/489954035_1464854718241800_7811155786507943687_n.jpg\" alt=\"\" width=\"480\" height=\"720\" srcset=\"https:\/\/dragonesfc.mx\/wp-content\/uploads\/2026\/03\/489954035_1464854718241800_7811155786507943687_n-200x300.jpg 200w, https:\/\/dragonesfc.mx\/wp-content\/uploads\/2026\/03\/489954035_1464854718241800_7811155786507943687_n-400x600.jpg 400w, https:\/\/dragonesfc.mx\/wp-content\/uploads\/2026\/03\/489954035_1464854718241800_7811155786507943687_n-500x750.jpg 500w, https:\/\/dragonesfc.mx\/wp-content\/uploads\/2026\/03\/489954035_1464854718241800_7811155786507943687_n-600x900.jpg 600w, https:\/\/dragonesfc.mx\/wp-content\/uploads\/2026\/03\/489954035_1464854718241800_7811155786507943687_n-683x1024.jpg 683w, https:\/\/dragonesfc.mx\/wp-content\/uploads\/2026\/03\/489954035_1464854718241800_7811155786507943687_n-700x1049.jpg 700w, https:\/\/dragonesfc.mx\/wp-content\/uploads\/2026\/03\/489954035_1464854718241800_7811155786507943687_n-768x1151.jpg 768w, https:\/\/dragonesfc.mx\/wp-content\/uploads\/2026\/03\/489954035_1464854718241800_7811155786507943687_n-800x1199.jpg 800w, https:\/\/dragonesfc.mx\/wp-content\/uploads\/2026\/03\/489954035_1464854718241800_7811155786507943687_n-1025x1536.jpg 1025w, https:\/\/dragonesfc.mx\/wp-content\/uploads\/2026\/03\/489954035_1464854718241800_7811155786507943687_n-1200x1799.jpg 1200w, https:\/\/dragonesfc.mx\/wp-content\/uploads\/2026\/03\/489954035_1464854718241800_7811155786507943687_n.jpg 1366w\" sizes=\"(max-width: 480px) 100vw, 480px\" \/><\/p>\n<hr \/>\n<h2><b>Consolidaci\u00f3n y ascenso hist\u00f3rico<\/b><\/h2>\n<p class=\"p3\">Durante la campa\u00f1a 2024-2025 se consolida como jugador menor clave en el esquema del equipo:<\/p>\n<ul>\n<li>\n<p class=\"p1\">20 partidos disputados<\/p>\n<\/li>\n<li>\n<p class=\"p1\">15 como titular<\/p>\n<\/li>\n<li>\n<p class=\"p1\">9 encuentros de liguilla<\/p>\n<\/li>\n<li>\n<p class=\"p1\">180 minutos completos en la semifinal que otorg\u00f3 el ascenso<\/p>\n<\/li>\n<\/ul>\n<p><img decoding=\"async\" class=\"alignnone size-full wp-image-2504\" src=\"http:\/\/dragonesfc.mx\/wp-content\/uploads\/2025\/06\/11.png\" alt=\"\" width=\"1920\" height=\"1080\" srcset=\"https:\/\/dragonesfc.mx\/wp-content\/uploads\/2025\/06\/11-200x113.png 200w, https:\/\/dragonesfc.mx\/wp-content\/uploads\/2025\/06\/11-300x169.png 300w, https:\/\/dragonesfc.mx\/wp-content\/uploads\/2025\/06\/11-400x225.png 400w, https:\/\/dragonesfc.mx\/wp-content\/uploads\/2025\/06\/11-500x281.png 500w, https:\/\/dragonesfc.mx\/wp-content\/uploads\/2025\/06\/11-600x338.png 600w, https:\/\/dragonesfc.mx\/wp-content\/uploads\/2025\/06\/11-700x394.png 700w, https:\/\/dragonesfc.mx\/wp-content\/uploads\/2025\/06\/11-768x432.png 768w, https:\/\/dragonesfc.mx\/wp-content\/uploads\/2025\/06\/11-800x450.png 800w, https:\/\/dragonesfc.mx\/wp-content\/uploads\/2025\/06\/11-1024x576.png 1024w, https:\/\/dragonesfc.mx\/wp-content\/uploads\/2025\/06\/11-1200x675.png 1200w, https:\/\/dragonesfc.mx\/wp-content\/uploads\/2025\/06\/11-1536x864.png 1536w, https:\/\/dragonesfc.mx\/wp-content\/uploads\/2025\/06\/11.png 1920w\" sizes=\"(max-width: 1920px) 100vw, 1920px\" \/><\/p>\n<p class=\"p3\">Adem\u00e1s, representa a la Selecci\u00f3n Liga TDP Sur en el Torneo Hexagonal Internacional Copa Esperanza de Antequera 2025, participando en los cuatro partidos del certamen.<\/p>\n<p class=\"p3\">En la presente temporada suma seis partidos en la <a href=\"https:\/\/ligapremier.mx\/#\" target=\"_blank\" rel=\"noopener\"><span class=\"s3\">Liga Premier<\/span><\/a>, siendo el jugador menor con m\u00e1s minutos del plantel, adem\u00e1s de registrar nueve encuentros en la <span class=\"s3\"><a href=\"https:\/\/www.ligatdp.mx\/\" target=\"_blank\" rel=\"noopener\">Liga TDP<\/a><\/span>.<\/p>\n<p>Santiago Melo convocado a la Selecci\u00f3n Premier<\/p>\n<p class=\"p3\">Tambi\u00e9n form\u00f3 parte del plantel en el hist\u00f3rico triunfo ante el <a href=\"https:\/\/www.clubamerica.com.mx\/\" target=\"_blank\" rel=\"noopener\"><span class=\"s3\">Club Am\u00e9rica<\/span><\/a>, experiencia que fortaleci\u00f3 su proceso competitivo.<\/p>\n<p><img decoding=\"async\" class=\"alignnone wp-image-3466\" src=\"http:\/\/dragonesfc.mx\/wp-content\/uploads\/2026\/03\/536768925_1333514442118746_6147257472927928528_n.jpg\" alt=\"\" width=\"327\" height=\"409\" srcset=\"https:\/\/dragonesfc.mx\/wp-content\/uploads\/2026\/03\/536768925_1333514442118746_6147257472927928528_n-200x250.jpg 200w, https:\/\/dragonesfc.mx\/wp-content\/uploads\/2026\/03\/536768925_1333514442118746_6147257472927928528_n-240x300.jpg 240w, https:\/\/dragonesfc.mx\/wp-content\/uploads\/2026\/03\/536768925_1333514442118746_6147257472927928528_n-400x500.jpg 400w, https:\/\/dragonesfc.mx\/wp-content\/uploads\/2026\/03\/536768925_1333514442118746_6147257472927928528_n-500x625.jpg 500w, https:\/\/dragonesfc.mx\/wp-content\/uploads\/2026\/03\/536768925_1333514442118746_6147257472927928528_n-600x750.jpg 600w, https:\/\/dragonesfc.mx\/wp-content\/uploads\/2026\/03\/536768925_1333514442118746_6147257472927928528_n-700x875.jpg 700w, https:\/\/dragonesfc.mx\/wp-content\/uploads\/2026\/03\/536768925_1333514442118746_6147257472927928528_n.jpg 768w\" sizes=\"(max-width: 327px) 100vw, 327px\" \/><\/p>\n<hr \/>\n<h2><b>Proyecci\u00f3n nacional y respaldo institucional<\/b><\/h2>\n<p class=\"p3\">La convocatoria de <span class=\"s2\"><b>Santiago Melo convocado a la Selecci\u00f3n Premier<\/b><\/span> confirma que el modelo de formaci\u00f3n de Dragones Oaxaca genera resultados reales y medibles.<\/p>\n<p class=\"p3\">El desarrollo integral, la competencia constante y la apuesta por el talento local permiten que j\u00f3venes futbolistas trasciendan al siguiente nivel.<\/p>\n<p class=\"p3\">Este llamado representa no solo un logro individual, sino un mensaje claro: en Dragones Oaxaca el talento se forma, se impulsa y se proyecta.<\/p>\n<p><img decoding=\"async\" class=\"alignnone wp-image-3467\" src=\"http:\/\/dragonesfc.mx\/wp-content\/uploads\/2026\/03\/541995411_18063968993362324_3638168917681320339_n.jpg\" alt=\"\" width=\"635\" height=\"793\" srcset=\"https:\/\/dragonesfc.mx\/wp-content\/uploads\/2026\/03\/541995411_18063968993362324_3638168917681320339_n-200x250.jpg 200w, https:\/\/dragonesfc.mx\/wp-content\/uploads\/2026\/03\/541995411_18063968993362324_3638168917681320339_n-240x300.jpg 240w, https:\/\/dragonesfc.mx\/wp-content\/uploads\/2026\/03\/541995411_18063968993362324_3638168917681320339_n-400x500.jpg 400w, https:\/\/dragonesfc.mx\/wp-content\/uploads\/2026\/03\/541995411_18063968993362324_3638168917681320339_n-500x625.jpg 500w, https:\/\/dragonesfc.mx\/wp-content\/uploads\/2026\/03\/541995411_18063968993362324_3638168917681320339_n-600x750.jpg 600w, https:\/\/dragonesfc.mx\/wp-content\/uploads\/2026\/03\/541995411_18063968993362324_3638168917681320339_n-700x875.jpg 700w, https:\/\/dragonesfc.mx\/wp-content\/uploads\/2026\/03\/541995411_18063968993362324_3638168917681320339_n-768x959.jpg 768w, https:\/\/dragonesfc.mx\/wp-content\/uploads\/2026\/03\/541995411_18063968993362324_3638168917681320339_n-800x999.jpg 800w, https:\/\/dragonesfc.mx\/wp-content\/uploads\/2026\/03\/541995411_18063968993362324_3638168917681320339_n-820x1024.jpg 820w, https:\/\/dragonesfc.mx\/wp-content\/uploads\/2026\/03\/541995411_18063968993362324_3638168917681320339_n-1200x1499.jpg 1200w, https:\/\/dragonesfc.mx\/wp-content\/uploads\/2026\/03\/541995411_18063968993362324_3638168917681320339_n-1229x1536.jpg 1229w, https:\/\/dragonesfc.mx\/wp-content\/uploads\/2026\/03\/541995411_18063968993362324_3638168917681320339_n.jpg 1440w\" sizes=\"(max-width: 635px) 100vw, 635px\" \/><\/p>\n<p class=\"p1\">La historia de Santiago Melo convocado a la Selecci\u00f3n Premier\u00a0es el reflejo de un proyecto que cree en sus procesos, conf\u00eda en su cantera y apuesta por el desarrollo real del talento oaxaque\u00f1o.<\/p>\n<p><img decoding=\"async\" class=\"alignnone wp-image-1439\" src=\"http:\/\/dragonesfc.mx\/wp-content\/uploads\/2024\/07\/094946ed-9795-4d25-934c-d26081dd3697-scaled.jpg\" alt=\"\" width=\"560\" height=\"700\" srcset=\"https:\/\/dragonesfc.mx\/wp-content\/uploads\/2024\/07\/094946ed-9795-4d25-934c-d26081dd3697-200x250.jpg 200w, https:\/\/dragonesfc.mx\/wp-content\/uploads\/2024\/07\/094946ed-9795-4d25-934c-d26081dd3697-240x300.jpg 240w, https:\/\/dragonesfc.mx\/wp-content\/uploads\/2024\/07\/094946ed-9795-4d25-934c-d26081dd3697-400x500.jpg 400w, https:\/\/dragonesfc.mx\/wp-content\/uploads\/2024\/07\/094946ed-9795-4d25-934c-d26081dd3697-scaled-500x625.jpg 500w, https:\/\/dragonesfc.mx\/wp-content\/uploads\/2024\/07\/094946ed-9795-4d25-934c-d26081dd3697-600x750.jpg 600w, https:\/\/dragonesfc.mx\/wp-content\/uploads\/2024\/07\/094946ed-9795-4d25-934c-d26081dd3697-scaled-700x875.jpg 700w, https:\/\/dragonesfc.mx\/wp-content\/uploads\/2024\/07\/094946ed-9795-4d25-934c-d26081dd3697-768x960.jpg 768w, https:\/\/dragonesfc.mx\/wp-content\/uploads\/2024\/07\/094946ed-9795-4d25-934c-d26081dd3697-800x1000.jpg 800w, https:\/\/dragonesfc.mx\/wp-content\/uploads\/2024\/07\/094946ed-9795-4d25-934c-d26081dd3697-819x1024.jpg 819w, https:\/\/dragonesfc.mx\/wp-content\/uploads\/2024\/07\/094946ed-9795-4d25-934c-d26081dd3697-1200x1500.jpg 1200w, https:\/\/dragonesfc.mx\/wp-content\/uploads\/2024\/07\/094946ed-9795-4d25-934c-d26081dd3697-1229x1536.jpg 1229w, https:\/\/dragonesfc.mx\/wp-content\/uploads\/2024\/07\/094946ed-9795-4d25-934c-d26081dd3697-1638x2048.jpg 1638w, https:\/\/dragonesfc.mx\/wp-content\/uploads\/2024\/07\/094946ed-9795-4d25-934c-d26081dd3697-scaled.jpg 2048w\" sizes=\"(max-width: 560px) 100vw, 560px\" \/><\/p>\n<p class=\"p1\">Hoy es una convocatoria.<\/p>\n<p class=\"p1\">Ma\u00f1ana, puede ser algo a\u00fan m\u00e1s grande.<\/p>\n","protected":false},"excerpt":{"rendered":"<p>Santiago Melo convocado a la Selecci\u00f3n Premier: un hecho hist\u00f3rico  [&#8230;]<\/p>\n","protected":false},"author":4,"featured_media":3471,"comment_status":"open","ping_status":"open","sticky":false,"template":"","format":"standard","meta":{"_jetpack_memberships_contains_paid_content":false,"footnotes":""},"categories":[261],"tags":[272,270,206,273,77,271,58,268,269,274],"class_list":["post-3465","post","type-post","status-publish","format-standard","has-post-thumbnail","hentry","category-dragones-premier","tag-academias-de-futbol-en-oaxaca","tag-cantera-dragones","tag-dragones-oaxaca","tag-futbol-formativo-en-mexico","tag-futbol-oaxaqueno","tag-liga-premier-mexico","tag-liga-tdp","tag-santiago-melo","tag-seleccion-premier","tag-talento-juvenil-mexicano"],"yoast_head":"<!-- This site is optimized with the Yoast SEO plugin v27.5 - https:\/\/yoast.com\/product\/yoast-seo-wordpress\/ -->\n<title>Santiago Melo convocado a la Selecci\u00f3n Premier - Tienda Dragones<\/title>\n<meta name=\"description\" content=\"Santiago Melo convocado a la Selecci\u00f3n Premier marca un hecho hist\u00f3rico para Dragones Oaxaca al convertirse en su primer canterano llamado.\" \/>\n<meta name=\"robots\" content=\"index, follow, max-snippet:-1, max-image-preview:large, max-video-preview:-1\" \/>\n<link rel=\"canonical\" href=\"https:\/\/dragonesfc.mx\/index.php\/2026\/03\/03\/santiago-melo-convocado-seleccion-premier-dragones-oaxaca\/\" \/>\n<meta property=\"og:locale\" content=\"es_MX\" \/>\n<meta property=\"og:type\" content=\"article\" \/>\n<meta property=\"og:title\" content=\"Santiago Melo convocado a la Selecci\u00f3n Premier - Tienda Dragones\" \/>\n<meta property=\"og:description\" content=\"Santiago Melo convocado a la Selecci\u00f3n Premier marca un hecho hist\u00f3rico para Dragones Oaxaca al convertirse en su primer canterano llamado.\" \/>\n<meta property=\"og:url\" content=\"https:\/\/dragonesfc.mx\/index.php\/2026\/03\/03\/santiago-melo-convocado-seleccion-premier-dragones-oaxaca\/\" \/>\n<meta property=\"og:site_name\" content=\"Tienda Dragones\" \/>\n<meta property=\"article:published_time\" content=\"2026-03-04T01:33:01+00:00\" \/>\n<meta property=\"article:modified_time\" content=\"2026-03-04T01:33:25+00:00\" \/>\n<meta property=\"og:image\" content=\"http:\/\/dragonesfc.mx\/wp-content\/uploads\/2026\/03\/MELOOOOO-819x1024.png\" \/>\n\t<meta property=\"og:image:width\" content=\"819\" \/>\n\t<meta property=\"og:image:height\" content=\"1024\" \/>\n\t<meta property=\"og:image:type\" content=\"image\/png\" \/>\n<meta name=\"author\" content=\"Diego Reyes\" \/>\n<meta name=\"twitter:card\" content=\"summary_large_image\" \/>\n<meta name=\"twitter:creator\" content=\"@avivian_a@hotmail.com\" \/>\n<meta name=\"twitter:label1\" content=\"Escrito por\" \/>\n\t<meta name=\"twitter:data1\" content=\"Diego Reyes\" \/>\n\t<meta name=\"twitter:label2\" content=\"Tiempo de lectura\" \/>\n\t<meta name=\"twitter:data2\" content=\"4 minutos\" \/>\n<script type=\"application\/ld+json\" class=\"yoast-schema-graph\">{\"@context\":\"https:\\\/\\\/schema.org\",\"@graph\":[{\"@type\":\"Article\",\"@id\":\"https:\\\/\\\/dragonesfc.mx\\\/index.php\\\/2026\\\/03\\\/03\\\/santiago-melo-convocado-seleccion-premier-dragones-oaxaca\\\/#article\",\"isPartOf\":{\"@id\":\"https:\\\/\\\/dragonesfc.mx\\\/index.php\\\/2026\\\/03\\\/03\\\/santiago-melo-convocado-seleccion-premier-dragones-oaxaca\\\/\"},\"author\":{\"name\":\"Diego Reyes\",\"@id\":\"https:\\\/\\\/dragonesfc.mx\\\/#\\\/schema\\\/person\\\/6efb1581b5a41666a33c988ce03b7e30\"},\"headline\":\"Santiago Melo convocado a la Selecci\u00f3n Premier\",\"datePublished\":\"2026-03-04T01:33:01+00:00\",\"dateModified\":\"2026-03-04T01:33:25+00:00\",\"mainEntityOfPage\":{\"@id\":\"https:\\\/\\\/dragonesfc.mx\\\/index.php\\\/2026\\\/03\\\/03\\\/santiago-melo-convocado-seleccion-premier-dragones-oaxaca\\\/\"},\"wordCount\":434,\"commentCount\":0,\"image\":{\"@id\":\"https:\\\/\\\/dragonesfc.mx\\\/index.php\\\/2026\\\/03\\\/03\\\/santiago-melo-convocado-seleccion-premier-dragones-oaxaca\\\/#primaryimage\"},\"thumbnailUrl\":\"https:\\\/\\\/dragonesfc.mx\\\/wp-content\\\/uploads\\\/2026\\\/03\\\/MELOOOOO.png\",\"keywords\":[\"Academias de futbol en Oaxaca\",\"Cantera Dragones\",\"Dragones Oaxaca\",\"Futbol formativo en M\u00e9xico\",\"F\u00fatbol Oaxaque\u00f1o\",\"Liga Premier M\u00e9xico\",\"Liga TDP\",\"Santiago Melo\",\"Selecci\u00f3n Premier\",\"Talento juvenil mexicano\"],\"articleSection\":[\"Dragones Premier\"],\"inLanguage\":\"es\",\"potentialAction\":[{\"@type\":\"CommentAction\",\"name\":\"Comment\",\"target\":[\"https:\\\/\\\/dragonesfc.mx\\\/index.php\\\/2026\\\/03\\\/03\\\/santiago-melo-convocado-seleccion-premier-dragones-oaxaca\\\/#respond\"]}]},{\"@type\":\"WebPage\",\"@id\":\"https:\\\/\\\/dragonesfc.mx\\\/index.php\\\/2026\\\/03\\\/03\\\/santiago-melo-convocado-seleccion-premier-dragones-oaxaca\\\/\",\"url\":\"https:\\\/\\\/dragonesfc.mx\\\/index.php\\\/2026\\\/03\\\/03\\\/santiago-melo-convocado-seleccion-premier-dragones-oaxaca\\\/\",\"name\":\"Santiago Melo convocado a la Selecci\u00f3n Premier - Tienda Dragones\",\"isPartOf\":{\"@id\":\"https:\\\/\\\/dragonesfc.mx\\\/#website\"},\"primaryImageOfPage\":{\"@id\":\"https:\\\/\\\/dragonesfc.mx\\\/index.php\\\/2026\\\/03\\\/03\\\/santiago-melo-convocado-seleccion-premier-dragones-oaxaca\\\/#primaryimage\"},\"image\":{\"@id\":\"https:\\\/\\\/dragonesfc.mx\\\/index.php\\\/2026\\\/03\\\/03\\\/santiago-melo-convocado-seleccion-premier-dragones-oaxaca\\\/#primaryimage\"},\"thumbnailUrl\":\"https:\\\/\\\/dragonesfc.mx\\\/wp-content\\\/uploads\\\/2026\\\/03\\\/MELOOOOO.png\",\"datePublished\":\"2026-03-04T01:33:01+00:00\",\"dateModified\":\"2026-03-04T01:33:25+00:00\",\"author\":{\"@id\":\"https:\\\/\\\/dragonesfc.mx\\\/#\\\/schema\\\/person\\\/6efb1581b5a41666a33c988ce03b7e30\"},\"description\":\"Santiago Melo convocado a la Selecci\u00f3n Premier marca un hecho hist\u00f3rico para Dragones Oaxaca al convertirse en su primer canterano llamado.\",\"breadcrumb\":{\"@id\":\"https:\\\/\\\/dragonesfc.mx\\\/index.php\\\/2026\\\/03\\\/03\\\/santiago-melo-convocado-seleccion-premier-dragones-oaxaca\\\/#breadcrumb\"},\"inLanguage\":\"es\",\"potentialAction\":[{\"@type\":\"ReadAction\",\"target\":[\"https:\\\/\\\/dragonesfc.mx\\\/index.php\\\/2026\\\/03\\\/03\\\/santiago-melo-convocado-seleccion-premier-dragones-oaxaca\\\/\"]}]},{\"@type\":\"ImageObject\",\"inLanguage\":\"es\",\"@id\":\"https:\\\/\\\/dragonesfc.mx\\\/index.php\\\/2026\\\/03\\\/03\\\/santiago-melo-convocado-seleccion-premier-dragones-oaxaca\\\/#primaryimage\",\"url\":\"https:\\\/\\\/dragonesfc.mx\\\/wp-content\\\/uploads\\\/2026\\\/03\\\/MELOOOOO.png\",\"contentUrl\":\"https:\\\/\\\/dragonesfc.mx\\\/wp-content\\\/uploads\\\/2026\\\/03\\\/MELOOOOO.png\",\"width\":1080,\"height\":1350},{\"@type\":\"BreadcrumbList\",\"@id\":\"https:\\\/\\\/dragonesfc.mx\\\/index.php\\\/2026\\\/03\\\/03\\\/santiago-melo-convocado-seleccion-premier-dragones-oaxaca\\\/#breadcrumb\",\"itemListElement\":[{\"@type\":\"ListItem\",\"position\":1,\"name\":\"Inicio\",\"item\":\"https:\\\/\\\/dragonesfc.mx\\\/\"},{\"@type\":\"ListItem\",\"position\":2,\"name\":\"Santiago Melo convocado a la Selecci\u00f3n Premier\"}]},{\"@type\":\"WebSite\",\"@id\":\"https:\\\/\\\/dragonesfc.mx\\\/#website\",\"url\":\"https:\\\/\\\/dragonesfc.mx\\\/\",\"name\":\"Tienda Dragones\",\"description\":\"Instituci\u00f3n oaxaque\u00f1a dedicada a la ense\u00f1anza del futbol. Fundada en 2018, esta organizaci\u00f3n cuenta con 2 equipos en la Tercera Divisi\u00f3n Profesional de la Federaci\u00f3n Mexicana de Futbol, adem\u00e1s de seis academias en Tlalixtac, Zimatl\u00e1n, Cuilapam, Ocotl\u00e1n, Tamazulapam y Huatulco.\",\"potentialAction\":[{\"@type\":\"SearchAction\",\"target\":{\"@type\":\"EntryPoint\",\"urlTemplate\":\"https:\\\/\\\/dragonesfc.mx\\\/?s={search_term_string}\"},\"query-input\":{\"@type\":\"PropertyValueSpecification\",\"valueRequired\":true,\"valueName\":\"search_term_string\"}}],\"inLanguage\":\"es\"},{\"@type\":\"Person\",\"@id\":\"https:\\\/\\\/dragonesfc.mx\\\/#\\\/schema\\\/person\\\/6efb1581b5a41666a33c988ce03b7e30\",\"name\":\"Diego Reyes\",\"image\":{\"@type\":\"ImageObject\",\"inLanguage\":\"es\",\"@id\":\"https:\\\/\\\/secure.gravatar.com\\\/avatar\\\/b0dc02e0e78048e108aaf3f3e856759def5a4ce1b33ebfc1eb9d70ad5ab71137?s=96&d=mm&r=g\",\"url\":\"https:\\\/\\\/secure.gravatar.com\\\/avatar\\\/b0dc02e0e78048e108aaf3f3e856759def5a4ce1b33ebfc1eb9d70ad5ab71137?s=96&d=mm&r=g\",\"contentUrl\":\"https:\\\/\\\/secure.gravatar.com\\\/avatar\\\/b0dc02e0e78048e108aaf3f3e856759def5a4ce1b33ebfc1eb9d70ad5ab71137?s=96&d=mm&r=g\",\"caption\":\"Diego Reyes\"},\"sameAs\":[\"https:\\\/\\\/x.com\\\/avivian_a@hotmail.com\"],\"url\":\"https:\\\/\\\/dragonesfc.mx\\\/index.php\\\/author\\\/diego-reyes\\\/\"}]}<\/script>\n<!-- \/ Yoast SEO plugin. -->","yoast_head_json":{"title":"Santiago Melo convocado a la Selecci\u00f3n Premier - Tienda Dragones","description":"Santiago Melo convocado a la Selecci\u00f3n Premier marca un hecho hist\u00f3rico para Dragones Oaxaca al convertirse en su primer canterano llamado.","robots":{"index":"index","follow":"follow","max-snippet":"max-snippet:-1","max-image-preview":"max-image-preview:large","max-video-preview":"max-video-preview:-1"},"canonical":"https:\/\/dragonesfc.mx\/index.php\/2026\/03\/03\/santiago-melo-convocado-seleccion-premier-dragones-oaxaca\/","og_locale":"es_MX","og_type":"article","og_title":"Santiago Melo convocado a la Selecci\u00f3n Premier - Tienda Dragones","og_description":"Santiago Melo convocado a la Selecci\u00f3n Premier marca un hecho hist\u00f3rico para Dragones Oaxaca al convertirse en su primer canterano llamado.","og_url":"https:\/\/dragonesfc.mx\/index.php\/2026\/03\/03\/santiago-melo-convocado-seleccion-premier-dragones-oaxaca\/","og_site_name":"Tienda Dragones","article_published_time":"2026-03-04T01:33:01+00:00","article_modified_time":"2026-03-04T01:33:25+00:00","og_image":[{"width":819,"height":1024,"url":"http:\/\/dragonesfc.mx\/wp-content\/uploads\/2026\/03\/MELOOOOO-819x1024.png","type":"image\/png"}],"author":"Diego Reyes","twitter_card":"summary_large_image","twitter_creator":"@avivian_a@hotmail.com","twitter_misc":{"Escrito por":"Diego Reyes","Tiempo de lectura":"4 minutos"},"schema":{"@context":"https:\/\/schema.org","@graph":[{"@type":"Article","@id":"https:\/\/dragonesfc.mx\/index.php\/2026\/03\/03\/santiago-melo-convocado-seleccion-premier-dragones-oaxaca\/#article","isPartOf":{"@id":"https:\/\/dragonesfc.mx\/index.php\/2026\/03\/03\/santiago-melo-convocado-seleccion-premier-dragones-oaxaca\/"},"author":{"name":"Diego Reyes","@id":"https:\/\/dragonesfc.mx\/#\/schema\/person\/6efb1581b5a41666a33c988ce03b7e30"},"headline":"Santiago Melo convocado a la Selecci\u00f3n Premier","datePublished":"2026-03-04T01:33:01+00:00","dateModified":"2026-03-04T01:33:25+00:00","mainEntityOfPage":{"@id":"https:\/\/dragonesfc.mx\/index.php\/2026\/03\/03\/santiago-melo-convocado-seleccion-premier-dragones-oaxaca\/"},"wordCount":434,"commentCount":0,"image":{"@id":"https:\/\/dragonesfc.mx\/index.php\/2026\/03\/03\/santiago-melo-convocado-seleccion-premier-dragones-oaxaca\/#primaryimage"},"thumbnailUrl":"https:\/\/dragonesfc.mx\/wp-content\/uploads\/2026\/03\/MELOOOOO.png","keywords":["Academias de futbol en Oaxaca","Cantera Dragones","Dragones Oaxaca","Futbol formativo en M\u00e9xico","F\u00fatbol Oaxaque\u00f1o","Liga Premier M\u00e9xico","Liga TDP","Santiago Melo","Selecci\u00f3n Premier","Talento juvenil mexicano"],"articleSection":["Dragones Premier"],"inLanguage":"es","potentialAction":[{"@type":"CommentAction","name":"Comment","target":["https:\/\/dragonesfc.mx\/index.php\/2026\/03\/03\/santiago-melo-convocado-seleccion-premier-dragones-oaxaca\/#respond"]}]},{"@type":"WebPage","@id":"https:\/\/dragonesfc.mx\/index.php\/2026\/03\/03\/santiago-melo-convocado-seleccion-premier-dragones-oaxaca\/","url":"https:\/\/dragonesfc.mx\/index.php\/2026\/03\/03\/santiago-melo-convocado-seleccion-premier-dragones-oaxaca\/","name":"Santiago Melo convocado a la Selecci\u00f3n Premier - Tienda Dragones","isPartOf":{"@id":"https:\/\/dragonesfc.mx\/#website"},"primaryImageOfPage":{"@id":"https:\/\/dragonesfc.mx\/index.php\/2026\/03\/03\/santiago-melo-convocado-seleccion-premier-dragones-oaxaca\/#primaryimage"},"image":{"@id":"https:\/\/dragonesfc.mx\/index.php\/2026\/03\/03\/santiago-melo-convocado-seleccion-premier-dragones-oaxaca\/#primaryimage"},"thumbnailUrl":"https:\/\/dragonesfc.mx\/wp-content\/uploads\/2026\/03\/MELOOOOO.png","datePublished":"2026-03-04T01:33:01+00:00","dateModified":"2026-03-04T01:33:25+00:00","author":{"@id":"https:\/\/dragonesfc.mx\/#\/schema\/person\/6efb1581b5a41666a33c988ce03b7e30"},"description":"Santiago Melo convocado a la Selecci\u00f3n Premier marca un hecho hist\u00f3rico para Dragones Oaxaca al convertirse en su primer canterano llamado.","breadcrumb":{"@id":"https:\/\/dragonesfc.mx\/index.php\/2026\/03\/03\/santiago-melo-convocado-seleccion-premier-dragones-oaxaca\/#breadcrumb"},"inLanguage":"es","potentialAction":[{"@type":"ReadAction","target":["https:\/\/dragonesfc.mx\/index.php\/2026\/03\/03\/santiago-melo-convocado-seleccion-premier-dragones-oaxaca\/"]}]},{"@type":"ImageObject","inLanguage":"es","@id":"https:\/\/dragonesfc.mx\/index.php\/2026\/03\/03\/santiago-melo-convocado-seleccion-premier-dragones-oaxaca\/#primaryimage","url":"https:\/\/dragonesfc.mx\/wp-content\/uploads\/2026\/03\/MELOOOOO.png","contentUrl":"https:\/\/dragonesfc.mx\/wp-content\/uploads\/2026\/03\/MELOOOOO.png","width":1080,"height":1350},{"@type":"BreadcrumbList","@id":"https:\/\/dragonesfc.mx\/index.php\/2026\/03\/03\/santiago-melo-convocado-seleccion-premier-dragones-oaxaca\/#breadcrumb","itemListElement":[{"@type":"ListItem","position":1,"name":"Inicio","item":"https:\/\/dragonesfc.mx\/"},{"@type":"ListItem","position":2,"name":"Santiago Melo convocado a la Selecci\u00f3n Premier"}]},{"@type":"WebSite","@id":"https:\/\/dragonesfc.mx\/#website","url":"https:\/\/dragonesfc.mx\/","name":"Tienda Dragones","description":"Instituci\u00f3n oaxaque\u00f1a dedicada a la ense\u00f1anza del futbol. Fundada en 2018, esta organizaci\u00f3n cuenta con 2 equipos en la Tercera Divisi\u00f3n Profesional de la Federaci\u00f3n Mexicana de Futbol, adem\u00e1s de seis academias en Tlalixtac, Zimatl\u00e1n, Cuilapam, Ocotl\u00e1n, Tamazulapam y Huatulco.","potentialAction":[{"@type":"SearchAction","target":{"@type":"EntryPoint","urlTemplate":"https:\/\/dragonesfc.mx\/?s={search_term_string}"},"query-input":{"@type":"PropertyValueSpecification","valueRequired":true,"valueName":"search_term_string"}}],"inLanguage":"es"},{"@type":"Person","@id":"https:\/\/dragonesfc.mx\/#\/schema\/person\/6efb1581b5a41666a33c988ce03b7e30","name":"Diego Reyes","image":{"@type":"ImageObject","inLanguage":"es","@id":"https:\/\/secure.gravatar.com\/avatar\/b0dc02e0e78048e108aaf3f3e856759def5a4ce1b33ebfc1eb9d70ad5ab71137?s=96&d=mm&r=g","url":"https:\/\/secure.gravatar.com\/avatar\/b0dc02e0e78048e108aaf3f3e856759def5a4ce1b33ebfc1eb9d70ad5ab71137?s=96&d=mm&r=g","contentUrl":"https:\/\/secure.gravatar.com\/avatar\/b0dc02e0e78048e108aaf3f3e856759def5a4ce1b33ebfc1eb9d70ad5ab71137?s=96&d=mm&r=g","caption":"Diego Reyes"},"sameAs":["https:\/\/x.com\/avivian_a@hotmail.com"],"url":"https:\/\/dragonesfc.mx\/index.php\/author\/diego-reyes\/"}]}},"jetpack_featured_media_url":"https:\/\/dragonesfc.mx\/wp-content\/uploads\/2026\/03\/MELOOOOO.png","jetpack_sharing_enabled":true,"_links":{"self":[{"href":"https:\/\/dragonesfc.mx\/index.php\/wp-json\/wp\/v2\/posts\/3465","targetHints":{"allow":["GET"]}}],"collection":[{"href":"https:\/\/dragonesfc.mx\/index.php\/wp-json\/wp\/v2\/posts"}],"about":[{"href":"https:\/\/dragonesfc.mx\/index.php\/wp-json\/wp\/v2\/types\/post"}],"author":[{"embeddable":true,"href":"https:\/\/dragonesfc.mx\/index.php\/wp-json\/wp\/v2\/users\/4"}],"replies":[{"embeddable":true,"href":"https:\/\/dragonesfc.mx\/index.php\/wp-json\/wp\/v2\/comments?post=3465"}],"version-history":[{"count":2,"href":"https:\/\/dragonesfc.mx\/index.php\/wp-json\/wp\/v2\/posts\/3465\/revisions"}],"predecessor-version":[{"id":3473,"href":"https:\/\/dragonesfc.mx\/index.php\/wp-json\/wp\/v2\/posts\/3465\/revisions\/3473"}],"wp:featuredmedia":[{"embeddable":true,"href":"https:\/\/dragonesfc.mx\/index.php\/wp-json\/wp\/v2\/media\/3471"}],"wp:attachment":[{"href":"https:\/\/dragonesfc.mx\/index.php\/wp-json\/wp\/v2\/media?parent=3465"}],"wp:term":[{"taxonomy":"category","embeddable":true,"href":"https:\/\/dragonesfc.mx\/index.php\/wp-json\/wp\/v2\/categories?post=3465"},{"taxonomy":"post_tag","embeddable":true,"href":"https:\/\/dragonesfc.mx\/index.php\/wp-json\/wp\/v2\/tags?post=3465"}],"curies":[{"name":"wp","href":"https:\/\/api.w.org\/{rel}","templated":true}]}}