{"id":3493,"date":"2026-03-12T13:03:31","date_gmt":"2026-03-12T19:03:31","guid":{"rendered":"https:\/\/dragonesfc.mx\/?p=3493"},"modified":"2026-03-12T13:03:31","modified_gmt":"2026-03-12T19:03:31","slug":"santiago-melo-debuta-con-estrellas-premier","status":"publish","type":"post","link":"https:\/\/dragonesfc.mx\/index.php\/2026\/03\/12\/santiago-melo-debuta-con-estrellas-premier\/","title":{"rendered":"Santiago Melo debuta con Estrellas Premier de la Liga Premier FMF"},"content":{"rendered":"<h1><b>Santiago Melo debuta con Estrellas Premier y hace historia para Dragones Oaxaca<\/b><\/h1>\n<p class=\"p1\"><span class=\"s1\"><b>Santiago Melo debuta con Estrellas Premier<\/b><\/span> marca un nuevo cap\u00edtulo en la historia del Club Dragones Oaxaca. El futbolista formado en el Sistema de Academias Dragones se convirti\u00f3 en el <span class=\"s1\"><b>primer canterano del club en participar con el representativo de la <\/b><a href=\"chatgpt:\/\/generic-entity?number=0\"><span class=\"s2\"><b>Liga Premier FMF<\/b><\/span><\/a><\/span>, conocido como <span class=\"s1\"><b>Estrellas Premier<\/b><\/span>.<\/p>\n<p class=\"p1\">Este hecho representa un logro importante tanto para el jugador oaxaque\u00f1o como para el proyecto formativo de Dragones, que contin\u00faa generando talento capaz de competir en escenarios de mayor exigencia.<\/p>\n<p><img decoding=\"async\" class=\"alignnone size-full wp-image-1439\" src=\"http:\/\/dragonesfc.mx\/wp-content\/uploads\/2024\/07\/094946ed-9795-4d25-934c-d26081dd3697-scaled.jpg\" alt=\"\" width=\"2048\" height=\"2560\" srcset=\"https:\/\/dragonesfc.mx\/wp-content\/uploads\/2024\/07\/094946ed-9795-4d25-934c-d26081dd3697-200x250.jpg 200w, https:\/\/dragonesfc.mx\/wp-content\/uploads\/2024\/07\/094946ed-9795-4d25-934c-d26081dd3697-240x300.jpg 240w, https:\/\/dragonesfc.mx\/wp-content\/uploads\/2024\/07\/094946ed-9795-4d25-934c-d26081dd3697-400x500.jpg 400w, https:\/\/dragonesfc.mx\/wp-content\/uploads\/2024\/07\/094946ed-9795-4d25-934c-d26081dd3697-scaled-500x625.jpg 500w, https:\/\/dragonesfc.mx\/wp-content\/uploads\/2024\/07\/094946ed-9795-4d25-934c-d26081dd3697-600x750.jpg 600w, https:\/\/dragonesfc.mx\/wp-content\/uploads\/2024\/07\/094946ed-9795-4d25-934c-d26081dd3697-scaled-700x875.jpg 700w, https:\/\/dragonesfc.mx\/wp-content\/uploads\/2024\/07\/094946ed-9795-4d25-934c-d26081dd3697-768x960.jpg 768w, https:\/\/dragonesfc.mx\/wp-content\/uploads\/2024\/07\/094946ed-9795-4d25-934c-d26081dd3697-800x1000.jpg 800w, https:\/\/dragonesfc.mx\/wp-content\/uploads\/2024\/07\/094946ed-9795-4d25-934c-d26081dd3697-819x1024.jpg 819w, https:\/\/dragonesfc.mx\/wp-content\/uploads\/2024\/07\/094946ed-9795-4d25-934c-d26081dd3697-1200x1500.jpg 1200w, https:\/\/dragonesfc.mx\/wp-content\/uploads\/2024\/07\/094946ed-9795-4d25-934c-d26081dd3697-1229x1536.jpg 1229w, https:\/\/dragonesfc.mx\/wp-content\/uploads\/2024\/07\/094946ed-9795-4d25-934c-d26081dd3697-1638x2048.jpg 1638w, https:\/\/dragonesfc.mx\/wp-content\/uploads\/2024\/07\/094946ed-9795-4d25-934c-d26081dd3697-scaled.jpg 2048w\" sizes=\"(max-width: 2048px) 100vw, 2048px\" \/><\/p>\n<hr \/>\n<h2><b>Un proceso formativo que contin\u00faa creciendo<\/b><\/h2>\n<p class=\"p1\">Nacido el <span class=\"s1\"><b>29 de enero de 2007<\/b><\/span>, Santiago Melo acumula ya <span class=\"s1\"><b>m\u00e1s de 2,300 minutos en el futbol profesional<\/b><\/span>, consolid\u00e1ndose como uno de los j\u00f3venes con mayor proyecci\u00f3n dentro del club.<\/p>\n<p class=\"p1\">Su crecimiento deportivo ha sido resultado del proceso formativo desarrollado dentro del <span class=\"s1\"><b>Sistema de Academias Dragones<\/b><\/span>, estructura que busca impulsar el talento local y brindar oportunidades reales a futbolistas j\u00f3venes.<\/p>\n<hr \/>\n<h2><b>Titularidad y participaci\u00f3n destacada<\/b><\/h2>\n<p class=\"p4\"><span class=\"s4\">En su debut con Estrellas Premier, Melo fue <\/span><b>titular bajo la direcci\u00f3n t\u00e9cnica de C\u00e9sar Javier Perrone<\/b><span class=\"s4\"> en el encuentro disputado en el <a href=\"chatgpt:\/\/generic-entity?number=1\"><span class=\"s5\"><b>Estadio Municipal Claudio Su\u00e1rez<\/b><\/span><\/a>.<\/span><\/p>\n<p>&nbsp;<\/p>\n<p class=\"p1\">El jugador oaxaque\u00f1o port\u00f3 el <span class=\"s1\"><b>n\u00famero 5<\/b><\/span> y disput\u00f3 <span class=\"s1\"><b>75 minutos<\/b><\/span>, mostrando una participaci\u00f3n destacada por la banda derecha.<\/p>\n<p class=\"p1\">Durante el partido gener\u00f3 actividad ofensiva con un disparo a porter\u00eda y tambi\u00e9n aport\u00f3 solidez en la zona defensiva, logrando contener en varias ocasiones los ataques del representativo de la <a href=\"chatgpt:\/\/generic-entity?number=2\"><span class=\"s5\"><b>Liga TDP<\/b><\/span><\/a>.<\/p>\n<p><img decoding=\"async\" class=\"alignnone size-full wp-image-1435\" src=\"http:\/\/dragonesfc.mx\/wp-content\/uploads\/2024\/07\/9107e2bb-3b57-445a-bd4f-0d68ad96305d-scaled.jpg\" alt=\"\" width=\"2048\" height=\"2560\" srcset=\"https:\/\/dragonesfc.mx\/wp-content\/uploads\/2024\/07\/9107e2bb-3b57-445a-bd4f-0d68ad96305d-200x250.jpg 200w, https:\/\/dragonesfc.mx\/wp-content\/uploads\/2024\/07\/9107e2bb-3b57-445a-bd4f-0d68ad96305d-240x300.jpg 240w, https:\/\/dragonesfc.mx\/wp-content\/uploads\/2024\/07\/9107e2bb-3b57-445a-bd4f-0d68ad96305d-400x500.jpg 400w, https:\/\/dragonesfc.mx\/wp-content\/uploads\/2024\/07\/9107e2bb-3b57-445a-bd4f-0d68ad96305d-scaled-500x625.jpg 500w, https:\/\/dragonesfc.mx\/wp-content\/uploads\/2024\/07\/9107e2bb-3b57-445a-bd4f-0d68ad96305d-600x750.jpg 600w, https:\/\/dragonesfc.mx\/wp-content\/uploads\/2024\/07\/9107e2bb-3b57-445a-bd4f-0d68ad96305d-scaled-700x875.jpg 700w, https:\/\/dragonesfc.mx\/wp-content\/uploads\/2024\/07\/9107e2bb-3b57-445a-bd4f-0d68ad96305d-768x960.jpg 768w, https:\/\/dragonesfc.mx\/wp-content\/uploads\/2024\/07\/9107e2bb-3b57-445a-bd4f-0d68ad96305d-800x1000.jpg 800w, https:\/\/dragonesfc.mx\/wp-content\/uploads\/2024\/07\/9107e2bb-3b57-445a-bd4f-0d68ad96305d-819x1024.jpg 819w, https:\/\/dragonesfc.mx\/wp-content\/uploads\/2024\/07\/9107e2bb-3b57-445a-bd4f-0d68ad96305d-1200x1500.jpg 1200w, https:\/\/dragonesfc.mx\/wp-content\/uploads\/2024\/07\/9107e2bb-3b57-445a-bd4f-0d68ad96305d-1229x1536.jpg 1229w, https:\/\/dragonesfc.mx\/wp-content\/uploads\/2024\/07\/9107e2bb-3b57-445a-bd4f-0d68ad96305d-1638x2048.jpg 1638w, https:\/\/dragonesfc.mx\/wp-content\/uploads\/2024\/07\/9107e2bb-3b57-445a-bd4f-0d68ad96305d-scaled.jpg 2048w\" sizes=\"(max-width: 2048px) 100vw, 2048px\" \/><\/p>\n<hr \/>\n<h2><b>Pr\u00f3ximo reto ante el Club Am\u00e9rica<\/b><\/h2>\n<p class=\"p1\">El representativo de <span class=\"s1\"><b>Estrellas Premier<\/b><\/span> disputar\u00e1 su siguiente compromiso este <span class=\"s1\"><b>jueves<\/b><\/span> frente al <a href=\"chatgpt:\/\/generic-entity?number=3\"><span class=\"s5\"><b>Club Am\u00e9rica<\/b><\/span><\/a> en las instalaciones de Coapa a las <span class=\"s1\"><b>10:00 horas<\/b><\/span>.<\/p>\n<p class=\"p1\">Existe la posibilidad de que Santiago Melo vuelva a sumar minutos en este encuentro, lo que representar\u00eda una nueva oportunidad para seguir demostrando su crecimiento dentro del futbol mexicano.<\/p>\n<p><img decoding=\"async\" class=\"alignnone size-full wp-image-3467\" src=\"http:\/\/dragonesfc.mx\/wp-content\/uploads\/2026\/03\/541995411_18063968993362324_3638168917681320339_n.jpg\" alt=\"\" width=\"1440\" height=\"1799\" srcset=\"https:\/\/dragonesfc.mx\/wp-content\/uploads\/2026\/03\/541995411_18063968993362324_3638168917681320339_n-200x250.jpg 200w, https:\/\/dragonesfc.mx\/wp-content\/uploads\/2026\/03\/541995411_18063968993362324_3638168917681320339_n-240x300.jpg 240w, https:\/\/dragonesfc.mx\/wp-content\/uploads\/2026\/03\/541995411_18063968993362324_3638168917681320339_n-400x500.jpg 400w, https:\/\/dragonesfc.mx\/wp-content\/uploads\/2026\/03\/541995411_18063968993362324_3638168917681320339_n-500x625.jpg 500w, https:\/\/dragonesfc.mx\/wp-content\/uploads\/2026\/03\/541995411_18063968993362324_3638168917681320339_n-600x750.jpg 600w, https:\/\/dragonesfc.mx\/wp-content\/uploads\/2026\/03\/541995411_18063968993362324_3638168917681320339_n-700x875.jpg 700w, https:\/\/dragonesfc.mx\/wp-content\/uploads\/2026\/03\/541995411_18063968993362324_3638168917681320339_n-768x959.jpg 768w, https:\/\/dragonesfc.mx\/wp-content\/uploads\/2026\/03\/541995411_18063968993362324_3638168917681320339_n-800x999.jpg 800w, https:\/\/dragonesfc.mx\/wp-content\/uploads\/2026\/03\/541995411_18063968993362324_3638168917681320339_n-820x1024.jpg 820w, https:\/\/dragonesfc.mx\/wp-content\/uploads\/2026\/03\/541995411_18063968993362324_3638168917681320339_n-1200x1499.jpg 1200w, https:\/\/dragonesfc.mx\/wp-content\/uploads\/2026\/03\/541995411_18063968993362324_3638168917681320339_n-1229x1536.jpg 1229w, https:\/\/dragonesfc.mx\/wp-content\/uploads\/2026\/03\/541995411_18063968993362324_3638168917681320339_n.jpg 1440w\" sizes=\"(max-width: 1440px) 100vw, 1440px\" \/><\/p>\n<hr \/>\n<h2><b>Dragones Oaxaca contin\u00faa proyectando talento<\/b><\/h2>\n<p class=\"p1\">El debut de Santiago Melo con Estrellas Premier reafirma el compromiso de Dragones Oaxaca con el desarrollo de futbolistas j\u00f3venes y con la consolidaci\u00f3n de su modelo formativo.<\/p>\n<p class=\"p1\">Cada paso de los jugadores surgidos de la cantera rojinegra fortalece la identidad del club y demuestra que el talento formado en Oaxaca puede competir a nivel nacional.<\/p>\n<p><img decoding=\"async\" class=\"alignnone size-full wp-image-3470\" src=\"http:\/\/dragonesfc.mx\/wp-content\/uploads\/2026\/03\/490148613_1465430624850876_3787354681491375835_n.jpg\" alt=\"\" width=\"2048\" height=\"1366\" srcset=\"https:\/\/dragonesfc.mx\/wp-content\/uploads\/2026\/03\/490148613_1465430624850876_3787354681491375835_n-200x133.jpg 200w, https:\/\/dragonesfc.mx\/wp-content\/uploads\/2026\/03\/490148613_1465430624850876_3787354681491375835_n-300x200.jpg 300w, https:\/\/dragonesfc.mx\/wp-content\/uploads\/2026\/03\/490148613_1465430624850876_3787354681491375835_n-400x267.jpg 400w, https:\/\/dragonesfc.mx\/wp-content\/uploads\/2026\/03\/490148613_1465430624850876_3787354681491375835_n-500x333.jpg 500w, https:\/\/dragonesfc.mx\/wp-content\/uploads\/2026\/03\/490148613_1465430624850876_3787354681491375835_n-600x400.jpg 600w, https:\/\/dragonesfc.mx\/wp-content\/uploads\/2026\/03\/490148613_1465430624850876_3787354681491375835_n-700x467.jpg 700w, https:\/\/dragonesfc.mx\/wp-content\/uploads\/2026\/03\/490148613_1465430624850876_3787354681491375835_n-768x512.jpg 768w, https:\/\/dragonesfc.mx\/wp-content\/uploads\/2026\/03\/490148613_1465430624850876_3787354681491375835_n-800x534.jpg 800w, https:\/\/dragonesfc.mx\/wp-content\/uploads\/2026\/03\/490148613_1465430624850876_3787354681491375835_n-1024x683.jpg 1024w, https:\/\/dragonesfc.mx\/wp-content\/uploads\/2026\/03\/490148613_1465430624850876_3787354681491375835_n-1200x800.jpg 1200w, https:\/\/dragonesfc.mx\/wp-content\/uploads\/2026\/03\/490148613_1465430624850876_3787354681491375835_n-1536x1025.jpg 1536w, https:\/\/dragonesfc.mx\/wp-content\/uploads\/2026\/03\/490148613_1465430624850876_3787354681491375835_n.jpg 2048w\" sizes=\"(max-width: 2048px) 100vw, 2048px\" \/><\/p>\n","protected":false},"excerpt":{"rendered":"<p>Santiago Melo debuta con Estrellas Premier y hace historia para  [&#8230;]<\/p>\n","protected":false},"author":4,"featured_media":3494,"comment_status":"open","ping_status":"open","sticky":false,"template":"","format":"standard","meta":{"_jetpack_memberships_contains_paid_content":false,"footnotes":""},"categories":[261],"tags":[],"class_list":["post-3493","post","type-post","status-publish","format-standard","has-post-thumbnail","hentry","category-dragones-premier"],"yoast_head":"<!-- This site is optimized with the Yoast SEO plugin v27.4 - https:\/\/yoast.com\/product\/yoast-seo-wordpress\/ -->\n<title>Santiago Melo debuta con Estrellas Premier de la Liga Premier FMF - Tienda Dragones<\/title>\n<meta name=\"description\" content=\"Santiago Melo debuta con Estrellas Premier y se convierte en el primer canterano de Dragones Oaxaca en jugar con el representativo de la Liga Premier FMF.\" \/>\n<meta name=\"robots\" content=\"index, follow, max-snippet:-1, max-image-preview:large, max-video-preview:-1\" \/>\n<link rel=\"canonical\" href=\"https:\/\/dragonesfc.mx\/index.php\/2026\/03\/12\/santiago-melo-debuta-con-estrellas-premier\/\" \/>\n<meta property=\"og:locale\" content=\"es_MX\" \/>\n<meta property=\"og:type\" content=\"article\" \/>\n<meta property=\"og:title\" content=\"Santiago Melo debuta con Estrellas Premier de la Liga Premier FMF - Tienda Dragones\" \/>\n<meta property=\"og:description\" content=\"Santiago Melo debuta con Estrellas Premier y se convierte en el primer canterano de Dragones Oaxaca en jugar con el representativo de la Liga Premier FMF.\" \/>\n<meta property=\"og:url\" content=\"https:\/\/dragonesfc.mx\/index.php\/2026\/03\/12\/santiago-melo-debuta-con-estrellas-premier\/\" \/>\n<meta property=\"og:site_name\" content=\"Tienda Dragones\" \/>\n<meta property=\"article:published_time\" content=\"2026-03-12T19:03:31+00:00\" \/>\n<meta property=\"og:image\" content=\"http:\/\/dragonesfc.mx\/wp-content\/uploads\/2026\/03\/650243275_18083290883362324_8646483992531140361_n.jpg\" \/>\n\t<meta property=\"og:image:width\" content=\"1080\" \/>\n\t<meta property=\"og:image:height\" content=\"1352\" \/>\n\t<meta property=\"og:image:type\" content=\"image\/jpeg\" \/>\n<meta name=\"author\" content=\"Diego Reyes\" \/>\n<meta name=\"twitter:card\" content=\"summary_large_image\" \/>\n<meta name=\"twitter:creator\" content=\"@avivian_a@hotmail.com\" \/>\n<meta name=\"twitter:label1\" content=\"Escrito por\" \/>\n\t<meta name=\"twitter:data1\" content=\"Diego Reyes\" \/>\n\t<meta name=\"twitter:label2\" content=\"Tiempo de lectura\" \/>\n\t<meta name=\"twitter:data2\" content=\"1 minuto\" \/>\n<script type=\"application\/ld+json\" class=\"yoast-schema-graph\">{\"@context\":\"https:\\\/\\\/schema.org\",\"@graph\":[{\"@type\":\"Article\",\"@id\":\"https:\\\/\\\/dragonesfc.mx\\\/index.php\\\/2026\\\/03\\\/12\\\/santiago-melo-debuta-con-estrellas-premier\\\/#article\",\"isPartOf\":{\"@id\":\"https:\\\/\\\/dragonesfc.mx\\\/index.php\\\/2026\\\/03\\\/12\\\/santiago-melo-debuta-con-estrellas-premier\\\/\"},\"author\":{\"name\":\"Diego Reyes\",\"@id\":\"https:\\\/\\\/dragonesfc.mx\\\/#\\\/schema\\\/person\\\/6efb1581b5a41666a33c988ce03b7e30\"},\"headline\":\"Santiago Melo debuta con Estrellas Premier de la Liga Premier FMF\",\"datePublished\":\"2026-03-12T19:03:31+00:00\",\"mainEntityOfPage\":{\"@id\":\"https:\\\/\\\/dragonesfc.mx\\\/index.php\\\/2026\\\/03\\\/12\\\/santiago-melo-debuta-con-estrellas-premier\\\/\"},\"wordCount\":391,\"commentCount\":0,\"image\":{\"@id\":\"https:\\\/\\\/dragonesfc.mx\\\/index.php\\\/2026\\\/03\\\/12\\\/santiago-melo-debuta-con-estrellas-premier\\\/#primaryimage\"},\"thumbnailUrl\":\"https:\\\/\\\/dragonesfc.mx\\\/wp-content\\\/uploads\\\/2026\\\/03\\\/650243275_18083290883362324_8646483992531140361_n.jpg\",\"articleSection\":[\"Dragones Premier\"],\"inLanguage\":\"es\",\"potentialAction\":[{\"@type\":\"CommentAction\",\"name\":\"Comment\",\"target\":[\"https:\\\/\\\/dragonesfc.mx\\\/index.php\\\/2026\\\/03\\\/12\\\/santiago-melo-debuta-con-estrellas-premier\\\/#respond\"]}]},{\"@type\":\"WebPage\",\"@id\":\"https:\\\/\\\/dragonesfc.mx\\\/index.php\\\/2026\\\/03\\\/12\\\/santiago-melo-debuta-con-estrellas-premier\\\/\",\"url\":\"https:\\\/\\\/dragonesfc.mx\\\/index.php\\\/2026\\\/03\\\/12\\\/santiago-melo-debuta-con-estrellas-premier\\\/\",\"name\":\"Santiago Melo debuta con Estrellas Premier de la Liga Premier FMF - Tienda Dragones\",\"isPartOf\":{\"@id\":\"https:\\\/\\\/dragonesfc.mx\\\/#website\"},\"primaryImageOfPage\":{\"@id\":\"https:\\\/\\\/dragonesfc.mx\\\/index.php\\\/2026\\\/03\\\/12\\\/santiago-melo-debuta-con-estrellas-premier\\\/#primaryimage\"},\"image\":{\"@id\":\"https:\\\/\\\/dragonesfc.mx\\\/index.php\\\/2026\\\/03\\\/12\\\/santiago-melo-debuta-con-estrellas-premier\\\/#primaryimage\"},\"thumbnailUrl\":\"https:\\\/\\\/dragonesfc.mx\\\/wp-content\\\/uploads\\\/2026\\\/03\\\/650243275_18083290883362324_8646483992531140361_n.jpg\",\"datePublished\":\"2026-03-12T19:03:31+00:00\",\"author\":{\"@id\":\"https:\\\/\\\/dragonesfc.mx\\\/#\\\/schema\\\/person\\\/6efb1581b5a41666a33c988ce03b7e30\"},\"description\":\"Santiago Melo debuta con Estrellas Premier y se convierte en el primer canterano de Dragones Oaxaca en jugar con el representativo de la Liga Premier FMF.\",\"breadcrumb\":{\"@id\":\"https:\\\/\\\/dragonesfc.mx\\\/index.php\\\/2026\\\/03\\\/12\\\/santiago-melo-debuta-con-estrellas-premier\\\/#breadcrumb\"},\"inLanguage\":\"es\",\"potentialAction\":[{\"@type\":\"ReadAction\",\"target\":[\"https:\\\/\\\/dragonesfc.mx\\\/index.php\\\/2026\\\/03\\\/12\\\/santiago-melo-debuta-con-estrellas-premier\\\/\"]}]},{\"@type\":\"ImageObject\",\"inLanguage\":\"es\",\"@id\":\"https:\\\/\\\/dragonesfc.mx\\\/index.php\\\/2026\\\/03\\\/12\\\/santiago-melo-debuta-con-estrellas-premier\\\/#primaryimage\",\"url\":\"https:\\\/\\\/dragonesfc.mx\\\/wp-content\\\/uploads\\\/2026\\\/03\\\/650243275_18083290883362324_8646483992531140361_n.jpg\",\"contentUrl\":\"https:\\\/\\\/dragonesfc.mx\\\/wp-content\\\/uploads\\\/2026\\\/03\\\/650243275_18083290883362324_8646483992531140361_n.jpg\",\"width\":1080,\"height\":1352},{\"@type\":\"BreadcrumbList\",\"@id\":\"https:\\\/\\\/dragonesfc.mx\\\/index.php\\\/2026\\\/03\\\/12\\\/santiago-melo-debuta-con-estrellas-premier\\\/#breadcrumb\",\"itemListElement\":[{\"@type\":\"ListItem\",\"position\":1,\"name\":\"Inicio\",\"item\":\"https:\\\/\\\/dragonesfc.mx\\\/\"},{\"@type\":\"ListItem\",\"position\":2,\"name\":\"Santiago Melo debuta con Estrellas Premier de la Liga Premier FMF\"}]},{\"@type\":\"WebSite\",\"@id\":\"https:\\\/\\\/dragonesfc.mx\\\/#website\",\"url\":\"https:\\\/\\\/dragonesfc.mx\\\/\",\"name\":\"Tienda Dragones\",\"description\":\"Instituci\u00f3n oaxaque\u00f1a dedicada a la ense\u00f1anza del futbol. Fundada en 2018, esta organizaci\u00f3n cuenta con 2 equipos en la Tercera Divisi\u00f3n Profesional de la Federaci\u00f3n Mexicana de Futbol, adem\u00e1s de seis academias en Tlalixtac, Zimatl\u00e1n, Cuilapam, Ocotl\u00e1n, Tamazulapam y Huatulco.\",\"potentialAction\":[{\"@type\":\"SearchAction\",\"target\":{\"@type\":\"EntryPoint\",\"urlTemplate\":\"https:\\\/\\\/dragonesfc.mx\\\/?s={search_term_string}\"},\"query-input\":{\"@type\":\"PropertyValueSpecification\",\"valueRequired\":true,\"valueName\":\"search_term_string\"}}],\"inLanguage\":\"es\"},{\"@type\":\"Person\",\"@id\":\"https:\\\/\\\/dragonesfc.mx\\\/#\\\/schema\\\/person\\\/6efb1581b5a41666a33c988ce03b7e30\",\"name\":\"Diego Reyes\",\"image\":{\"@type\":\"ImageObject\",\"inLanguage\":\"es\",\"@id\":\"https:\\\/\\\/secure.gravatar.com\\\/avatar\\\/b0dc02e0e78048e108aaf3f3e856759def5a4ce1b33ebfc1eb9d70ad5ab71137?s=96&d=mm&r=g\",\"url\":\"https:\\\/\\\/secure.gravatar.com\\\/avatar\\\/b0dc02e0e78048e108aaf3f3e856759def5a4ce1b33ebfc1eb9d70ad5ab71137?s=96&d=mm&r=g\",\"contentUrl\":\"https:\\\/\\\/secure.gravatar.com\\\/avatar\\\/b0dc02e0e78048e108aaf3f3e856759def5a4ce1b33ebfc1eb9d70ad5ab71137?s=96&d=mm&r=g\",\"caption\":\"Diego Reyes\"},\"sameAs\":[\"https:\\\/\\\/x.com\\\/avivian_a@hotmail.com\"],\"url\":\"https:\\\/\\\/dragonesfc.mx\\\/index.php\\\/author\\\/diego-reyes\\\/\"}]}<\/script>\n<!-- \/ Yoast SEO plugin. -->","yoast_head_json":{"title":"Santiago Melo debuta con Estrellas Premier de la Liga Premier FMF - Tienda Dragones","description":"Santiago Melo debuta con Estrellas Premier y se convierte en el primer canterano de Dragones Oaxaca en jugar con el representativo de la Liga Premier FMF.","robots":{"index":"index","follow":"follow","max-snippet":"max-snippet:-1","max-image-preview":"max-image-preview:large","max-video-preview":"max-video-preview:-1"},"canonical":"https:\/\/dragonesfc.mx\/index.php\/2026\/03\/12\/santiago-melo-debuta-con-estrellas-premier\/","og_locale":"es_MX","og_type":"article","og_title":"Santiago Melo debuta con Estrellas Premier de la Liga Premier FMF - Tienda Dragones","og_description":"Santiago Melo debuta con Estrellas Premier y se convierte en el primer canterano de Dragones Oaxaca en jugar con el representativo de la Liga Premier FMF.","og_url":"https:\/\/dragonesfc.mx\/index.php\/2026\/03\/12\/santiago-melo-debuta-con-estrellas-premier\/","og_site_name":"Tienda Dragones","article_published_time":"2026-03-12T19:03:31+00:00","og_image":[{"width":1080,"height":1352,"url":"http:\/\/dragonesfc.mx\/wp-content\/uploads\/2026\/03\/650243275_18083290883362324_8646483992531140361_n.jpg","type":"image\/jpeg"}],"author":"Diego Reyes","twitter_card":"summary_large_image","twitter_creator":"@avivian_a@hotmail.com","twitter_misc":{"Escrito por":"Diego Reyes","Tiempo de lectura":"1 minuto"},"schema":{"@context":"https:\/\/schema.org","@graph":[{"@type":"Article","@id":"https:\/\/dragonesfc.mx\/index.php\/2026\/03\/12\/santiago-melo-debuta-con-estrellas-premier\/#article","isPartOf":{"@id":"https:\/\/dragonesfc.mx\/index.php\/2026\/03\/12\/santiago-melo-debuta-con-estrellas-premier\/"},"author":{"name":"Diego Reyes","@id":"https:\/\/dragonesfc.mx\/#\/schema\/person\/6efb1581b5a41666a33c988ce03b7e30"},"headline":"Santiago Melo debuta con Estrellas Premier de la Liga Premier FMF","datePublished":"2026-03-12T19:03:31+00:00","mainEntityOfPage":{"@id":"https:\/\/dragonesfc.mx\/index.php\/2026\/03\/12\/santiago-melo-debuta-con-estrellas-premier\/"},"wordCount":391,"commentCount":0,"image":{"@id":"https:\/\/dragonesfc.mx\/index.php\/2026\/03\/12\/santiago-melo-debuta-con-estrellas-premier\/#primaryimage"},"thumbnailUrl":"https:\/\/dragonesfc.mx\/wp-content\/uploads\/2026\/03\/650243275_18083290883362324_8646483992531140361_n.jpg","articleSection":["Dragones Premier"],"inLanguage":"es","potentialAction":[{"@type":"CommentAction","name":"Comment","target":["https:\/\/dragonesfc.mx\/index.php\/2026\/03\/12\/santiago-melo-debuta-con-estrellas-premier\/#respond"]}]},{"@type":"WebPage","@id":"https:\/\/dragonesfc.mx\/index.php\/2026\/03\/12\/santiago-melo-debuta-con-estrellas-premier\/","url":"https:\/\/dragonesfc.mx\/index.php\/2026\/03\/12\/santiago-melo-debuta-con-estrellas-premier\/","name":"Santiago Melo debuta con Estrellas Premier de la Liga Premier FMF - Tienda Dragones","isPartOf":{"@id":"https:\/\/dragonesfc.mx\/#website"},"primaryImageOfPage":{"@id":"https:\/\/dragonesfc.mx\/index.php\/2026\/03\/12\/santiago-melo-debuta-con-estrellas-premier\/#primaryimage"},"image":{"@id":"https:\/\/dragonesfc.mx\/index.php\/2026\/03\/12\/santiago-melo-debuta-con-estrellas-premier\/#primaryimage"},"thumbnailUrl":"https:\/\/dragonesfc.mx\/wp-content\/uploads\/2026\/03\/650243275_18083290883362324_8646483992531140361_n.jpg","datePublished":"2026-03-12T19:03:31+00:00","author":{"@id":"https:\/\/dragonesfc.mx\/#\/schema\/person\/6efb1581b5a41666a33c988ce03b7e30"},"description":"Santiago Melo debuta con Estrellas Premier y se convierte en el primer canterano de Dragones Oaxaca en jugar con el representativo de la Liga Premier FMF.","breadcrumb":{"@id":"https:\/\/dragonesfc.mx\/index.php\/2026\/03\/12\/santiago-melo-debuta-con-estrellas-premier\/#breadcrumb"},"inLanguage":"es","potentialAction":[{"@type":"ReadAction","target":["https:\/\/dragonesfc.mx\/index.php\/2026\/03\/12\/santiago-melo-debuta-con-estrellas-premier\/"]}]},{"@type":"ImageObject","inLanguage":"es","@id":"https:\/\/dragonesfc.mx\/index.php\/2026\/03\/12\/santiago-melo-debuta-con-estrellas-premier\/#primaryimage","url":"https:\/\/dragonesfc.mx\/wp-content\/uploads\/2026\/03\/650243275_18083290883362324_8646483992531140361_n.jpg","contentUrl":"https:\/\/dragonesfc.mx\/wp-content\/uploads\/2026\/03\/650243275_18083290883362324_8646483992531140361_n.jpg","width":1080,"height":1352},{"@type":"BreadcrumbList","@id":"https:\/\/dragonesfc.mx\/index.php\/2026\/03\/12\/santiago-melo-debuta-con-estrellas-premier\/#breadcrumb","itemListElement":[{"@type":"ListItem","position":1,"name":"Inicio","item":"https:\/\/dragonesfc.mx\/"},{"@type":"ListItem","position":2,"name":"Santiago Melo debuta con Estrellas Premier de la Liga Premier FMF"}]},{"@type":"WebSite","@id":"https:\/\/dragonesfc.mx\/#website","url":"https:\/\/dragonesfc.mx\/","name":"Tienda Dragones","description":"Instituci\u00f3n oaxaque\u00f1a dedicada a la ense\u00f1anza del futbol. Fundada en 2018, esta organizaci\u00f3n cuenta con 2 equipos en la Tercera Divisi\u00f3n Profesional de la Federaci\u00f3n Mexicana de Futbol, adem\u00e1s de seis academias en Tlalixtac, Zimatl\u00e1n, Cuilapam, Ocotl\u00e1n, Tamazulapam y Huatulco.","potentialAction":[{"@type":"SearchAction","target":{"@type":"EntryPoint","urlTemplate":"https:\/\/dragonesfc.mx\/?s={search_term_string}"},"query-input":{"@type":"PropertyValueSpecification","valueRequired":true,"valueName":"search_term_string"}}],"inLanguage":"es"},{"@type":"Person","@id":"https:\/\/dragonesfc.mx\/#\/schema\/person\/6efb1581b5a41666a33c988ce03b7e30","name":"Diego Reyes","image":{"@type":"ImageObject","inLanguage":"es","@id":"https:\/\/secure.gravatar.com\/avatar\/b0dc02e0e78048e108aaf3f3e856759def5a4ce1b33ebfc1eb9d70ad5ab71137?s=96&d=mm&r=g","url":"https:\/\/secure.gravatar.com\/avatar\/b0dc02e0e78048e108aaf3f3e856759def5a4ce1b33ebfc1eb9d70ad5ab71137?s=96&d=mm&r=g","contentUrl":"https:\/\/secure.gravatar.com\/avatar\/b0dc02e0e78048e108aaf3f3e856759def5a4ce1b33ebfc1eb9d70ad5ab71137?s=96&d=mm&r=g","caption":"Diego Reyes"},"sameAs":["https:\/\/x.com\/avivian_a@hotmail.com"],"url":"https:\/\/dragonesfc.mx\/index.php\/author\/diego-reyes\/"}]}},"jetpack_featured_media_url":"https:\/\/dragonesfc.mx\/wp-content\/uploads\/2026\/03\/650243275_18083290883362324_8646483992531140361_n.jpg","jetpack_sharing_enabled":true,"_links":{"self":[{"href":"https:\/\/dragonesfc.mx\/index.php\/wp-json\/wp\/v2\/posts\/3493","targetHints":{"allow":["GET"]}}],"collection":[{"href":"https:\/\/dragonesfc.mx\/index.php\/wp-json\/wp\/v2\/posts"}],"about":[{"href":"https:\/\/dragonesfc.mx\/index.php\/wp-json\/wp\/v2\/types\/post"}],"author":[{"embeddable":true,"href":"https:\/\/dragonesfc.mx\/index.php\/wp-json\/wp\/v2\/users\/4"}],"replies":[{"embeddable":true,"href":"https:\/\/dragonesfc.mx\/index.php\/wp-json\/wp\/v2\/comments?post=3493"}],"version-history":[{"count":1,"href":"https:\/\/dragonesfc.mx\/index.php\/wp-json\/wp\/v2\/posts\/3493\/revisions"}],"predecessor-version":[{"id":3495,"href":"https:\/\/dragonesfc.mx\/index.php\/wp-json\/wp\/v2\/posts\/3493\/revisions\/3495"}],"wp:featuredmedia":[{"embeddable":true,"href":"https:\/\/dragonesfc.mx\/index.php\/wp-json\/wp\/v2\/media\/3494"}],"wp:attachment":[{"href":"https:\/\/dragonesfc.mx\/index.php\/wp-json\/wp\/v2\/media?parent=3493"}],"wp:term":[{"taxonomy":"category","embeddable":true,"href":"https:\/\/dragonesfc.mx\/index.php\/wp-json\/wp\/v2\/categories?post=3493"},{"taxonomy":"post_tag","embeddable":true,"href":"https:\/\/dragonesfc.mx\/index.php\/wp-json\/wp\/v2\/tags?post=3493"}],"curies":[{"name":"wp","href":"https:\/\/api.w.org\/{rel}","templated":true}]}}